{"id":1691,"date":"2023-04-02T05:05:52","date_gmt":"2023-04-02T05:05:52","guid":{"rendered":"https:\/\/fundacionseenart.org\/?p=1691"},"modified":"2023-04-07T01:16:08","modified_gmt":"2023-04-07T01:16:08","slug":"construyendo-puentes-con-las-comunidades-la-importancia-de-trabajar-en-conjunto-con-las-alcaldias-locales","status":"publish","type":"post","link":"https:\/\/fundacionseenart.org\/en\/2023\/04\/02\/construyendo-puentes-con-las-comunidades-la-importancia-de-trabajar-en-conjunto-con-las-alcaldias-locales\/","title":{"rendered":"Building bridges with communities: The importance of mayors' offices in poverty reduction."},"content":{"rendered":"<p>La colaboraci\u00f3n es un valor fundamental que promovemos en nuestra fundaci\u00f3n, ya que creemos firmemente en que trabajando juntos con las comunidades y las instituciones locales podemos lograr cambios significativos y duraderos en la calidad de vida de las personas. Nos enfocamos en establecer alianzas estrat\u00e9gicas con alcald\u00edas y otras organizaciones locales, con el objetivo de llevar adelante proyectos y programas que promuevan el desarrollo sostenible de las comunidades.<\/p>\n\n\n\n<figure class=\"wp-block-image size-large\"><img loading=\"lazy\" decoding=\"async\" width=\"1024\" height=\"574\" src=\"https:\/\/fundacionseenart.org\/wp-content\/uploads\/2023\/03\/robertodiaz_a_medium_shot_of_a_poor_salvadoran_girl_looking_int_ec9e2408-00f7-4794-bc63-2dca7bfcf364-1024x574.png\" alt=\"\" class=\"wp-image-198\" srcset=\"https:\/\/fundacionseenart.org\/wp-content\/uploads\/2023\/03\/robertodiaz_a_medium_shot_of_a_poor_salvadoran_girl_looking_int_ec9e2408-00f7-4794-bc63-2dca7bfcf364-1024x574.png 1024w, https:\/\/fundacionseenart.org\/wp-content\/uploads\/2023\/03\/robertodiaz_a_medium_shot_of_a_poor_salvadoran_girl_looking_int_ec9e2408-00f7-4794-bc63-2dca7bfcf364-300x168.png 300w, https:\/\/fundacionseenart.org\/wp-content\/uploads\/2023\/03\/robertodiaz_a_medium_shot_of_a_poor_salvadoran_girl_looking_int_ec9e2408-00f7-4794-bc63-2dca7bfcf364-768x430.png 768w, https:\/\/fundacionseenart.org\/wp-content\/uploads\/2023\/03\/robertodiaz_a_medium_shot_of_a_poor_salvadoran_girl_looking_int_ec9e2408-00f7-4794-bc63-2dca7bfcf364.png 1456w\" sizes=\"auto, (max-width: 1024px) 100vw, 1024px\" \/><\/figure>\n\n\n\n<p>En los \u00faltimos a\u00f1os, hemos tenido el privilegio de trabajar de la mano con varias alcald\u00edas en el departamento de San Vicente. Estamos orgullosos de haber establecido v\u00ednculos s\u00f3lidos y duraderos con la Alcald\u00eda de San Vicente, San Sebasti\u00e1n, Verapaz, Guadalupe, San Idelfonso, Jerusal\u00e9n, Mercedes la Ceiba, San Cayetano, San Lorenzo, Tepetit\u00e1n y Apastepeque. Gracias a estas alianzas, hemos podido implementar proyectos que han generado un impacto positivo en las comunidades locales, como la construcci\u00f3n de infraestructuras, la implementaci\u00f3n de programas educativos y el fortalecimiento de capacidades.<\/p>\n\n\n\n<p>Aunque en el a\u00f1o 2021 llegaron a su fin las alianzas que ten\u00edamos con estas alcald\u00edas, seguimos abiertos a establecer nuevas colaboraciones y a trabajar con las alcald\u00edas locales para lograr un cambio positivo en la vida de las personas. Estamos convencidos de que al trabajar en conjunto, podemos aprovechar mejor los recursos disponibles, compartir conocimientos y experiencias, y generar un mayor impacto en la calidad de vida de las personas.<\/p>\n\n\n\n<p>Nos enorgullece saber que estos convenios no solo son importantes para nuestra organizaci\u00f3n, sino que tambi\u00e9n son beneficiosos para las alcald\u00edas y las comunidades. Al trabajar en conjunto, se fomenta el di\u00e1logo y la participaci\u00f3n, se fortalecen las relaciones comunitarias y se generan sinergias que permiten abordar de manera m\u00e1s efectiva los desaf\u00edos que enfrentan las comunidades.<\/p>\n\n\n\n<p>Desde nuestra fundaci\u00f3n, seguiremos trabajando incansablemente para construir puentes con las comunidades y con las instituciones locales. Creemos que juntos podemos lograr grandes cosas y estamos ansiosos por establecer nuevas alianzas en el futuro cercano.<\/p>","protected":false},"excerpt":{"rendered":"<p>La colaboraci\u00f3n es un valor fundamental que promovemos en nuestra fundaci\u00f3n, ya que creemos firmemente en que trabajando juntos con las comunidades y las instituciones locales podemos lograr cambios significativos y duraderos en la calidad de vida de las personas. Nos enfocamos en establecer alianzas estrat\u00e9gicas con alcald\u00edas y otras organizaciones locales, con el objetivo &hellip;<\/p>\n<p class=\"read-more\"> <a class=\"\" href=\"https:\/\/fundacionseenart.org\/en\/2023\/04\/02\/construyendo-puentes-con-las-comunidades-la-importancia-de-trabajar-en-conjunto-con-las-alcaldias-locales\/\"> <span class=\"screen-reader-text\">Building bridges with communities: The importance of mayors' offices in poverty reduction.<\/span> Read More &raquo;<\/a><\/p>","protected":false},"author":1,"featured_media":1784,"comment_status":"closed","ping_status":"closed","sticky":false,"template":"","format":"standard","meta":{"site-sidebar-layout":"default","site-content-layout":"default","ast-global-header-display":"","ast-main-header-display":"","ast-hfb-above-header-display":"","ast-hfb-below-header-display":"","ast-hfb-mobile-header-display":"","site-post-title":"","ast-breadcrumbs-content":"","ast-featured-img":"","footer-sml-layout":"","theme-transparent-header-meta":"","adv-header-id-meta":"","stick-header-meta":"","header-above-stick-meta":"","header-main-stick-meta":"","header-below-stick-meta":"","footnotes":""},"categories":[1],"tags":[],"class_list":["post-1691","post","type-post","status-publish","format-standard","has-post-thumbnail","hentry","category-actividades"],"yoast_head":"<!-- This site is optimized with the Yoast SEO plugin v20.5 - https:\/\/yoast.com\/wordpress\/plugins\/seo\/ -->\n<title>Construyendo puentes con las comunidades: La importancia de las alcald\u00edas en la reducci\u00f3n de la pobreza. - Fundaci\u00f3n Seen Art<\/title>\n<meta name=\"robots\" content=\"index, follow, max-snippet:-1, max-image-preview:large, max-video-preview:-1\" \/>\n<link rel=\"canonical\" href=\"https:\/\/fundacionseenart.org\/en\/2023\/04\/02\/construyendo-puentes-con-las-comunidades-la-importancia-de-trabajar-en-conjunto-con-las-alcaldias-locales\/\" \/>\n<meta property=\"og:locale\" content=\"en_US\" \/>\n<meta property=\"og:type\" content=\"article\" \/>\n<meta property=\"og:title\" content=\"Construyendo puentes con las comunidades: La importancia de las alcald\u00edas en la reducci\u00f3n de la pobreza. - Fundaci\u00f3n Seen Art\" \/>\n<meta property=\"og:description\" content=\"La colaboraci\u00f3n es un valor fundamental que promovemos en nuestra fundaci\u00f3n, ya que creemos firmemente en que trabajando juntos con las comunidades y las instituciones locales podemos lograr cambios significativos y duraderos en la calidad de vida de las personas. Nos enfocamos en establecer alianzas estrat\u00e9gicas con alcald\u00edas y otras organizaciones locales, con el objetivo &hellip; Construyendo puentes con las comunidades: La importancia de las alcald\u00edas en la reducci\u00f3n de la pobreza. Read More &raquo;\" \/>\n<meta property=\"og:url\" content=\"https:\/\/fundacionseenart.org\/en\/2023\/04\/02\/construyendo-puentes-con-las-comunidades-la-importancia-de-trabajar-en-conjunto-con-las-alcaldias-locales\/\" \/>\n<meta property=\"og:site_name\" content=\"Fundaci\u00f3n Seen Art\" \/>\n<meta property=\"article:publisher\" content=\"https:\/\/www.facebook.com\/fundacionseenartsv?ref=br_tf\" \/>\n<meta property=\"article:published_time\" content=\"2023-04-02T05:05:52+00:00\" \/>\n<meta property=\"article:modified_time\" content=\"2023-04-07T01:16:08+00:00\" \/>\n<meta property=\"og:image\" content=\"https:\/\/fundacionseenart.org\/wp-content\/uploads\/2023\/04\/robertodiaz_A_Salvadoran_presidential_candidate_takes_a_selfie__802e8c1e-01da-4a5b-b677-e2835ebcdaa5.png\" \/>\n\t<meta property=\"og:image:width\" content=\"1456\" \/>\n\t<meta property=\"og:image:height\" content=\"816\" \/>\n\t<meta property=\"og:image:type\" content=\"image\/png\" \/>\n<meta name=\"author\" content=\"b265w\" \/>\n<meta name=\"twitter:card\" content=\"summary_large_image\" \/>\n<meta name=\"twitter:creator\" content=\"@FundacionSeen\" \/>\n<meta name=\"twitter:site\" content=\"@FundacionSeen\" \/>\n<meta name=\"twitter:label1\" content=\"Written by\" \/>\n\t<meta name=\"twitter:data1\" content=\"b265w\" \/>\n\t<meta name=\"twitter:label2\" content=\"Est. reading time\" \/>\n\t<meta name=\"twitter:data2\" content=\"2 minutes\" \/>\n<script type=\"application\/ld+json\" class=\"yoast-schema-graph\">{\"@context\":\"https:\/\/schema.org\",\"@graph\":[{\"@type\":\"Article\",\"@id\":\"https:\/\/fundacionseenart.org\/2023\/04\/02\/construyendo-puentes-con-las-comunidades-la-importancia-de-trabajar-en-conjunto-con-las-alcaldias-locales\/#article\",\"isPartOf\":{\"@id\":\"https:\/\/fundacionseenart.org\/2023\/04\/02\/construyendo-puentes-con-las-comunidades-la-importancia-de-trabajar-en-conjunto-con-las-alcaldias-locales\/\"},\"author\":{\"name\":\"b265w\",\"@id\":\"https:\/\/fundacionseenart.org\/#\/schema\/person\/75b585c579dd95b194d179979c1352fa\"},\"headline\":\"Construyendo puentes con las comunidades: La importancia de las alcald\u00edas en la reducci\u00f3n de la pobreza.\",\"datePublished\":\"2023-04-02T05:05:52+00:00\",\"dateModified\":\"2023-04-07T01:16:08+00:00\",\"mainEntityOfPage\":{\"@id\":\"https:\/\/fundacionseenart.org\/2023\/04\/02\/construyendo-puentes-con-las-comunidades-la-importancia-de-trabajar-en-conjunto-con-las-alcaldias-locales\/\"},\"wordCount\":362,\"publisher\":{\"@id\":\"https:\/\/fundacionseenart.org\/#organization\"},\"articleSection\":[\"Actividades\"],\"inLanguage\":\"en-US\"},{\"@type\":\"WebPage\",\"@id\":\"https:\/\/fundacionseenart.org\/2023\/04\/02\/construyendo-puentes-con-las-comunidades-la-importancia-de-trabajar-en-conjunto-con-las-alcaldias-locales\/\",\"url\":\"https:\/\/fundacionseenart.org\/2023\/04\/02\/construyendo-puentes-con-las-comunidades-la-importancia-de-trabajar-en-conjunto-con-las-alcaldias-locales\/\",\"name\":\"Construyendo puentes con las comunidades: La importancia de las alcald\u00edas en la reducci\u00f3n de la pobreza. - Fundaci\u00f3n Seen Art\",\"isPartOf\":{\"@id\":\"https:\/\/fundacionseenart.org\/#website\"},\"datePublished\":\"2023-04-02T05:05:52+00:00\",\"dateModified\":\"2023-04-07T01:16:08+00:00\",\"breadcrumb\":{\"@id\":\"https:\/\/fundacionseenart.org\/2023\/04\/02\/construyendo-puentes-con-las-comunidades-la-importancia-de-trabajar-en-conjunto-con-las-alcaldias-locales\/#breadcrumb\"},\"inLanguage\":\"en-US\",\"potentialAction\":[{\"@type\":\"ReadAction\",\"target\":[\"https:\/\/fundacionseenart.org\/2023\/04\/02\/construyendo-puentes-con-las-comunidades-la-importancia-de-trabajar-en-conjunto-con-las-alcaldias-locales\/\"]}]},{\"@type\":\"BreadcrumbList\",\"@id\":\"https:\/\/fundacionseenart.org\/2023\/04\/02\/construyendo-puentes-con-las-comunidades-la-importancia-de-trabajar-en-conjunto-con-las-alcaldias-locales\/#breadcrumb\",\"itemListElement\":[{\"@type\":\"ListItem\",\"position\":1,\"name\":\"Portada\",\"item\":\"https:\/\/fundacionseenart.org\/\"},{\"@type\":\"ListItem\",\"position\":2,\"name\":\"Construyendo puentes con las comunidades: La importancia de las alcald\u00edas en la reducci\u00f3n de la pobreza.\"}]},{\"@type\":\"WebSite\",\"@id\":\"https:\/\/fundacionseenart.org\/#website\",\"url\":\"https:\/\/fundacionseenart.org\/\",\"name\":\"Fundaci\u00f3n Seen Art\",\"description\":\"Ay&uacute;danos a ayudar\",\"publisher\":{\"@id\":\"https:\/\/fundacionseenart.org\/#organization\"},\"potentialAction\":[{\"@type\":\"SearchAction\",\"target\":{\"@type\":\"EntryPoint\",\"urlTemplate\":\"https:\/\/fundacionseenart.org\/?s={search_term_string}\"},\"query-input\":\"required name=search_term_string\"}],\"inLanguage\":\"en-US\"},{\"@type\":\"Organization\",\"@id\":\"https:\/\/fundacionseenart.org\/#organization\",\"name\":\"Fundaci\u00f3n Seen Art\",\"url\":\"https:\/\/fundacionseenart.org\/\",\"logo\":{\"@type\":\"ImageObject\",\"inLanguage\":\"en-US\",\"@id\":\"https:\/\/fundacionseenart.org\/#\/schema\/logo\/image\/\",\"url\":\"https:\/\/fundacionseenart.org\/wp-content\/uploads\/2023\/04\/Fundacion-Seen-Art_gold-e1680363446728.png\",\"contentUrl\":\"https:\/\/fundacionseenart.org\/wp-content\/uploads\/2023\/04\/Fundacion-Seen-Art_gold-e1680363446728.png\",\"width\":1920,\"height\":571,\"caption\":\"Fundaci\u00f3n Seen Art\"},\"image\":{\"@id\":\"https:\/\/fundacionseenart.org\/#\/schema\/logo\/image\/\"},\"sameAs\":[\"https:\/\/www.facebook.com\/fundacionseenartsv?ref=br_tf\",\"https:\/\/twitter.com\/FundacionSeen\",\"https:\/\/www.instagram.com\/fundacionseen\/\"]},{\"@type\":\"Person\",\"@id\":\"https:\/\/fundacionseenart.org\/#\/schema\/person\/75b585c579dd95b194d179979c1352fa\",\"name\":\"b265w\",\"sameAs\":[\"https:\/\/fundacionseenart.org\"],\"url\":\"https:\/\/fundacionseenart.org\/en\/author\/b265w\/\"}]}<\/script>\n<!-- \/ Yoast SEO plugin. -->","yoast_head_json":{"title":"Construyendo puentes con las comunidades: La importancia de las alcald\u00edas en la reducci\u00f3n de la pobreza. - Fundaci\u00f3n Seen Art","robots":{"index":"index","follow":"follow","max-snippet":"max-snippet:-1","max-image-preview":"max-image-preview:large","max-video-preview":"max-video-preview:-1"},"canonical":"https:\/\/fundacionseenart.org\/en\/2023\/04\/02\/construyendo-puentes-con-las-comunidades-la-importancia-de-trabajar-en-conjunto-con-las-alcaldias-locales\/","og_locale":"en_US","og_type":"article","og_title":"Construyendo puentes con las comunidades: La importancia de las alcald\u00edas en la reducci\u00f3n de la pobreza. - Fundaci\u00f3n Seen Art","og_description":"La colaboraci\u00f3n es un valor fundamental que promovemos en nuestra fundaci\u00f3n, ya que creemos firmemente en que trabajando juntos con las comunidades y las instituciones locales podemos lograr cambios significativos y duraderos en la calidad de vida de las personas. Nos enfocamos en establecer alianzas estrat\u00e9gicas con alcald\u00edas y otras organizaciones locales, con el objetivo &hellip; Construyendo puentes con las comunidades: La importancia de las alcald\u00edas en la reducci\u00f3n de la pobreza. Read More &raquo;","og_url":"https:\/\/fundacionseenart.org\/en\/2023\/04\/02\/construyendo-puentes-con-las-comunidades-la-importancia-de-trabajar-en-conjunto-con-las-alcaldias-locales\/","og_site_name":"Fundaci\u00f3n Seen Art","article_publisher":"https:\/\/www.facebook.com\/fundacionseenartsv?ref=br_tf","article_published_time":"2023-04-02T05:05:52+00:00","article_modified_time":"2023-04-07T01:16:08+00:00","og_image":[{"width":1456,"height":816,"url":"https:\/\/fundacionseenart.org\/wp-content\/uploads\/2023\/04\/robertodiaz_A_Salvadoran_presidential_candidate_takes_a_selfie__802e8c1e-01da-4a5b-b677-e2835ebcdaa5.png","type":"image\/png"}],"author":"b265w","twitter_card":"summary_large_image","twitter_creator":"@FundacionSeen","twitter_site":"@FundacionSeen","twitter_misc":{"Written by":"b265w","Est. reading time":"2 minutes"},"schema":{"@context":"https:\/\/schema.org","@graph":[{"@type":"Article","@id":"https:\/\/fundacionseenart.org\/2023\/04\/02\/construyendo-puentes-con-las-comunidades-la-importancia-de-trabajar-en-conjunto-con-las-alcaldias-locales\/#article","isPartOf":{"@id":"https:\/\/fundacionseenart.org\/2023\/04\/02\/construyendo-puentes-con-las-comunidades-la-importancia-de-trabajar-en-conjunto-con-las-alcaldias-locales\/"},"author":{"name":"b265w","@id":"https:\/\/fundacionseenart.org\/#\/schema\/person\/75b585c579dd95b194d179979c1352fa"},"headline":"Construyendo puentes con las comunidades: La importancia de las alcald\u00edas en la reducci\u00f3n de la pobreza.","datePublished":"2023-04-02T05:05:52+00:00","dateModified":"2023-04-07T01:16:08+00:00","mainEntityOfPage":{"@id":"https:\/\/fundacionseenart.org\/2023\/04\/02\/construyendo-puentes-con-las-comunidades-la-importancia-de-trabajar-en-conjunto-con-las-alcaldias-locales\/"},"wordCount":362,"publisher":{"@id":"https:\/\/fundacionseenart.org\/#organization"},"articleSection":["Actividades"],"inLanguage":"en-US"},{"@type":"WebPage","@id":"https:\/\/fundacionseenart.org\/2023\/04\/02\/construyendo-puentes-con-las-comunidades-la-importancia-de-trabajar-en-conjunto-con-las-alcaldias-locales\/","url":"https:\/\/fundacionseenart.org\/2023\/04\/02\/construyendo-puentes-con-las-comunidades-la-importancia-de-trabajar-en-conjunto-con-las-alcaldias-locales\/","name":"Construyendo puentes con las comunidades: La importancia de las alcald\u00edas en la reducci\u00f3n de la pobreza. - Fundaci\u00f3n Seen Art","isPartOf":{"@id":"https:\/\/fundacionseenart.org\/#website"},"datePublished":"2023-04-02T05:05:52+00:00","dateModified":"2023-04-07T01:16:08+00:00","breadcrumb":{"@id":"https:\/\/fundacionseenart.org\/2023\/04\/02\/construyendo-puentes-con-las-comunidades-la-importancia-de-trabajar-en-conjunto-con-las-alcaldias-locales\/#breadcrumb"},"inLanguage":"en-US","potentialAction":[{"@type":"ReadAction","target":["https:\/\/fundacionseenart.org\/2023\/04\/02\/construyendo-puentes-con-las-comunidades-la-importancia-de-trabajar-en-conjunto-con-las-alcaldias-locales\/"]}]},{"@type":"BreadcrumbList","@id":"https:\/\/fundacionseenart.org\/2023\/04\/02\/construyendo-puentes-con-las-comunidades-la-importancia-de-trabajar-en-conjunto-con-las-alcaldias-locales\/#breadcrumb","itemListElement":[{"@type":"ListItem","position":1,"name":"Portada","item":"https:\/\/fundacionseenart.org\/"},{"@type":"ListItem","position":2,"name":"Construyendo puentes con las comunidades: La importancia de las alcald\u00edas en la reducci\u00f3n de la pobreza."}]},{"@type":"WebSite","@id":"https:\/\/fundacionseenart.org\/#website","url":"https:\/\/fundacionseenart.org\/","name":"Fundaci\u00f3n Seen Art","description":"Ay&uacute;danos a ayudar","publisher":{"@id":"https:\/\/fundacionseenart.org\/#organization"},"potentialAction":[{"@type":"SearchAction","target":{"@type":"EntryPoint","urlTemplate":"https:\/\/fundacionseenart.org\/?s={search_term_string}"},"query-input":"required name=search_term_string"}],"inLanguage":"en-US"},{"@type":"Organization","@id":"https:\/\/fundacionseenart.org\/#organization","name":"Fundaci\u00f3n Seen Art","url":"https:\/\/fundacionseenart.org\/","logo":{"@type":"ImageObject","inLanguage":"en-US","@id":"https:\/\/fundacionseenart.org\/#\/schema\/logo\/image\/","url":"https:\/\/fundacionseenart.org\/wp-content\/uploads\/2023\/04\/Fundacion-Seen-Art_gold-e1680363446728.png","contentUrl":"https:\/\/fundacionseenart.org\/wp-content\/uploads\/2023\/04\/Fundacion-Seen-Art_gold-e1680363446728.png","width":1920,"height":571,"caption":"Fundaci\u00f3n Seen Art"},"image":{"@id":"https:\/\/fundacionseenart.org\/#\/schema\/logo\/image\/"},"sameAs":["https:\/\/www.facebook.com\/fundacionseenartsv?ref=br_tf","https:\/\/twitter.com\/FundacionSeen","https:\/\/www.instagram.com\/fundacionseen\/"]},{"@type":"Person","@id":"https:\/\/fundacionseenart.org\/#\/schema\/person\/75b585c579dd95b194d179979c1352fa","name":"b265w","sameAs":["https:\/\/fundacionseenart.org"],"url":"https:\/\/fundacionseenart.org\/en\/author\/b265w\/"}]}},"jetpack_featured_media_url":"https:\/\/fundacionseenart.org\/wp-content\/uploads\/2023\/04\/fundacion-seen-art_007.png","_links":{"self":[{"href":"https:\/\/fundacionseenart.org\/en\/wp-json\/wp\/v2\/posts\/1691","targetHints":{"allow":["GET"]}}],"collection":[{"href":"https:\/\/fundacionseenart.org\/en\/wp-json\/wp\/v2\/posts"}],"about":[{"href":"https:\/\/fundacionseenart.org\/en\/wp-json\/wp\/v2\/types\/post"}],"author":[{"embeddable":true,"href":"https:\/\/fundacionseenart.org\/en\/wp-json\/wp\/v2\/users\/1"}],"replies":[{"embeddable":true,"href":"https:\/\/fundacionseenart.org\/en\/wp-json\/wp\/v2\/comments?post=1691"}],"version-history":[{"count":5,"href":"https:\/\/fundacionseenart.org\/en\/wp-json\/wp\/v2\/posts\/1691\/revisions"}],"predecessor-version":[{"id":1722,"href":"https:\/\/fundacionseenart.org\/en\/wp-json\/wp\/v2\/posts\/1691\/revisions\/1722"}],"wp:featuredmedia":[{"embeddable":true,"href":"https:\/\/fundacionseenart.org\/en\/wp-json\/wp\/v2\/media\/1784"}],"wp:attachment":[{"href":"https:\/\/fundacionseenart.org\/en\/wp-json\/wp\/v2\/media?parent=1691"}],"wp:term":[{"taxonomy":"category","embeddable":true,"href":"https:\/\/fundacionseenart.org\/en\/wp-json\/wp\/v2\/categories?post=1691"},{"taxonomy":"post_tag","embeddable":true,"href":"https:\/\/fundacionseenart.org\/en\/wp-json\/wp\/v2\/tags?post=1691"}],"curies":[{"name":"wp","href":"https:\/\/api.w.org\/{rel}","templated":true}]}}