{"id":1175,"date":"2023-04-01T14:05:11","date_gmt":"2023-04-01T14:05:11","guid":{"rendered":"https:\/\/fundacionseenart.org\/?p=1175"},"modified":"2023-04-12T20:01:36","modified_gmt":"2023-04-12T20:01:36","slug":"1175","status":"publish","type":"post","link":"https:\/\/fundacionseenart.org\/en\/2023\/04\/01\/1175\/","title":{"rendered":"Community Kitchens: An initiative committed to children that seeks to feed body and soul."},"content":{"rendered":"<p>El Proyecto de Comedores Comunitarios de Seen Art es una iniciativa social que ha logrado un impacto importante en varios municipios del pa\u00eds. Con una atenci\u00f3n diaria a un aproximado de 150 ni\u00f1os y ni\u00f1as de escasos recursos, el proyecto ha brindado alimentaci\u00f3n balanceada, atenci\u00f3n m\u00e9dica y nutricional, y actividades de desarrollo personal y educativo.<\/p>\n\n\n\n<figure class=\"wp-block-gallery has-nested-images columns-default is-cropped wp-block-gallery-1 is-layout-flex wp-block-gallery-is-layout-flex\">\n<figure class=\"wp-block-image size-full\"><img loading=\"lazy\" decoding=\"async\" width=\"960\" height=\"720\" data-id=\"1829\" src=\"https:\/\/fundacionseenart.org\/wp-content\/uploads\/2023\/04\/fundacion-seen-art_003.jpg\" alt=\"\" class=\"wp-image-1829\" srcset=\"https:\/\/fundacionseenart.org\/wp-content\/uploads\/2023\/04\/fundacion-seen-art_003.jpg 960w, https:\/\/fundacionseenart.org\/wp-content\/uploads\/2023\/04\/fundacion-seen-art_003-300x225.jpg 300w, https:\/\/fundacionseenart.org\/wp-content\/uploads\/2023\/04\/fundacion-seen-art_003-768x576.jpg 768w, https:\/\/fundacionseenart.org\/wp-content\/uploads\/2023\/04\/fundacion-seen-art_003-16x12.jpg 16w\" sizes=\"auto, (max-width: 960px) 100vw, 960px\" \/><\/figure>\n<\/figure>\n\n\n\n<p>Esta iniciativa fue propuesta y ejecutada por Maria Vigil Viera y busca lograr una transformaci\u00f3n social integral, mediante el fomento de habilidades y valores que les permitan a los ni\u00f1os y ni\u00f1as crecer en un ambiente saludable y seguro. A trav\u00e9s de actividades como talleres de arte, m\u00fasica y deportes, se busca fomentar el desarrollo personal y educativo de los beneficiarios del proyecto.<\/p>\n\n\n\n<p>El Proyecto Seen Art cuenta con el apoyo de compatriotas holandeses y ha logrado consolidarse como una iniciativa integral que no solo busca brindar alimentos, sino tambi\u00e9n fomentar el desarrollo personal y educativo de los ni\u00f1os y ni\u00f1as. Gracias al apoyo de la comunidad y los donantes, se ha logrado expandir la cobertura del proyecto a varios municipios del pa\u00eds, lo que ha permitido brindar atenci\u00f3n y alimentaci\u00f3n a un mayor n\u00famero de ni\u00f1os y ni\u00f1as.<\/p>\n\n\n\n<p>El Proyecto Seen Art es un ejemplo de c\u00f3mo una iniciativa puede lograr un impacto social significativo en la comunidad. La labor comprometida y el liderazgo visionario de los responsables del proyecto, han logrado consolidar una iniciativa que busca mejorar la calidad de vida de los m\u00e1s necesitados.<\/p>","protected":false},"excerpt":{"rendered":"<p>El Proyecto de Comedores Comunitarios de Seen Art es una iniciativa social que ha logrado un impacto importante en varios municipios del pa\u00eds. Con una atenci\u00f3n diaria a un aproximado de 150 ni\u00f1os y ni\u00f1as de escasos recursos, el proyecto ha brindado alimentaci\u00f3n balanceada, atenci\u00f3n m\u00e9dica y nutricional, y actividades de desarrollo personal y educativo. &hellip;<\/p>\n<p class=\"read-more\"> <a class=\"\" href=\"https:\/\/fundacionseenart.org\/en\/2023\/04\/01\/1175\/\"> <span class=\"screen-reader-text\">Community Kitchens: An initiative committed to children that seeks to feed body and soul.<\/span> Read More &raquo;<\/a><\/p>","protected":false},"author":1,"featured_media":1828,"comment_status":"closed","ping_status":"closed","sticky":false,"template":"","format":"standard","meta":{"site-sidebar-layout":"default","site-content-layout":"default","ast-global-header-display":"","ast-main-header-display":"","ast-hfb-above-header-display":"","ast-hfb-below-header-display":"","ast-hfb-mobile-header-display":"","site-post-title":"","ast-breadcrumbs-content":"","ast-featured-img":"","footer-sml-layout":"","theme-transparent-header-meta":"","adv-header-id-meta":"","stick-header-meta":"","header-above-stick-meta":"","header-main-stick-meta":"","header-below-stick-meta":"","footnotes":""},"categories":[1],"tags":[],"class_list":["post-1175","post","type-post","status-publish","format-standard","has-post-thumbnail","hentry","category-actividades"],"yoast_head":"<!-- This site is optimized with the Yoast SEO plugin v20.5 - https:\/\/yoast.com\/wordpress\/plugins\/seo\/ -->\n<title>Comedores Comunitarios: Una iniciativa comprometida con la ni\u00f1ez que busca alimentar en cuerpo y alma. - Fundaci\u00f3n Seen Art<\/title>\n<meta name=\"robots\" content=\"index, follow, max-snippet:-1, max-image-preview:large, max-video-preview:-1\" \/>\n<link rel=\"canonical\" href=\"https:\/\/fundacionseenart.org\/en\/2023\/04\/01\/1175\/\" \/>\n<meta property=\"og:locale\" content=\"en_US\" \/>\n<meta property=\"og:type\" content=\"article\" \/>\n<meta property=\"og:title\" content=\"Comedores Comunitarios: Una iniciativa comprometida con la ni\u00f1ez que busca alimentar en cuerpo y alma. - Fundaci\u00f3n Seen Art\" \/>\n<meta property=\"og:description\" content=\"El Proyecto de Comedores Comunitarios de Seen Art es una iniciativa social que ha logrado un impacto importante en varios municipios del pa\u00eds. Con una atenci\u00f3n diaria a un aproximado de 150 ni\u00f1os y ni\u00f1as de escasos recursos, el proyecto ha brindado alimentaci\u00f3n balanceada, atenci\u00f3n m\u00e9dica y nutricional, y actividades de desarrollo personal y educativo. &hellip; Comedores Comunitarios: Una iniciativa comprometida con la ni\u00f1ez que busca alimentar en cuerpo y alma. Read More &raquo;\" \/>\n<meta property=\"og:url\" content=\"https:\/\/fundacionseenart.org\/en\/2023\/04\/01\/1175\/\" \/>\n<meta property=\"og:site_name\" content=\"Fundaci\u00f3n Seen Art\" \/>\n<meta property=\"article:publisher\" content=\"https:\/\/www.facebook.com\/fundacionseenartsv?ref=br_tf\" \/>\n<meta property=\"article:published_time\" content=\"2023-04-01T14:05:11+00:00\" \/>\n<meta property=\"article:modified_time\" content=\"2023-04-12T20:01:36+00:00\" \/>\n<meta property=\"og:image\" content=\"https:\/\/fundacionseenart.org\/wp-content\/uploads\/2023\/04\/336178922_1552329365242613_6756424766494677182_n.jpg\" \/>\n\t<meta property=\"og:image:width\" content=\"960\" \/>\n\t<meta property=\"og:image:height\" content=\"720\" \/>\n\t<meta property=\"og:image:type\" content=\"image\/jpeg\" \/>\n<meta name=\"author\" content=\"b265w\" \/>\n<meta name=\"twitter:card\" content=\"summary_large_image\" \/>\n<meta name=\"twitter:creator\" content=\"@FundacionSeen\" \/>\n<meta name=\"twitter:site\" content=\"@FundacionSeen\" \/>\n<meta name=\"twitter:label1\" content=\"Written by\" \/>\n\t<meta name=\"twitter:data1\" content=\"b265w\" \/>\n\t<meta name=\"twitter:label2\" content=\"Est. reading time\" \/>\n\t<meta name=\"twitter:data2\" content=\"2 minutes\" \/>\n<script type=\"application\/ld+json\" class=\"yoast-schema-graph\">{\"@context\":\"https:\/\/schema.org\",\"@graph\":[{\"@type\":\"Article\",\"@id\":\"https:\/\/fundacionseenart.org\/2023\/04\/01\/1175\/#article\",\"isPartOf\":{\"@id\":\"https:\/\/fundacionseenart.org\/2023\/04\/01\/1175\/\"},\"author\":{\"name\":\"b265w\",\"@id\":\"https:\/\/fundacionseenart.org\/#\/schema\/person\/75b585c579dd95b194d179979c1352fa\"},\"headline\":\"Comedores Comunitarios: Una iniciativa comprometida con la ni\u00f1ez que busca alimentar en cuerpo y alma.\",\"datePublished\":\"2023-04-01T14:05:11+00:00\",\"dateModified\":\"2023-04-12T20:01:36+00:00\",\"mainEntityOfPage\":{\"@id\":\"https:\/\/fundacionseenart.org\/2023\/04\/01\/1175\/\"},\"wordCount\":280,\"publisher\":{\"@id\":\"https:\/\/fundacionseenart.org\/#organization\"},\"articleSection\":[\"Actividades\"],\"inLanguage\":\"en-US\"},{\"@type\":\"WebPage\",\"@id\":\"https:\/\/fundacionseenart.org\/2023\/04\/01\/1175\/\",\"url\":\"https:\/\/fundacionseenart.org\/2023\/04\/01\/1175\/\",\"name\":\"Comedores Comunitarios: Una iniciativa comprometida con la ni\u00f1ez que busca alimentar en cuerpo y alma. - Fundaci\u00f3n Seen Art\",\"isPartOf\":{\"@id\":\"https:\/\/fundacionseenart.org\/#website\"},\"datePublished\":\"2023-04-01T14:05:11+00:00\",\"dateModified\":\"2023-04-12T20:01:36+00:00\",\"breadcrumb\":{\"@id\":\"https:\/\/fundacionseenart.org\/2023\/04\/01\/1175\/#breadcrumb\"},\"inLanguage\":\"en-US\",\"potentialAction\":[{\"@type\":\"ReadAction\",\"target\":[\"https:\/\/fundacionseenart.org\/2023\/04\/01\/1175\/\"]}]},{\"@type\":\"BreadcrumbList\",\"@id\":\"https:\/\/fundacionseenart.org\/2023\/04\/01\/1175\/#breadcrumb\",\"itemListElement\":[{\"@type\":\"ListItem\",\"position\":1,\"name\":\"Portada\",\"item\":\"https:\/\/fundacionseenart.org\/\"},{\"@type\":\"ListItem\",\"position\":2,\"name\":\"Comedores Comunitarios: Una iniciativa comprometida con la ni\u00f1ez que busca alimentar en cuerpo y alma.\"}]},{\"@type\":\"WebSite\",\"@id\":\"https:\/\/fundacionseenart.org\/#website\",\"url\":\"https:\/\/fundacionseenart.org\/\",\"name\":\"Fundaci\u00f3n Seen Art\",\"description\":\"Ay&uacute;danos a ayudar\",\"publisher\":{\"@id\":\"https:\/\/fundacionseenart.org\/#organization\"},\"potentialAction\":[{\"@type\":\"SearchAction\",\"target\":{\"@type\":\"EntryPoint\",\"urlTemplate\":\"https:\/\/fundacionseenart.org\/?s={search_term_string}\"},\"query-input\":\"required name=search_term_string\"}],\"inLanguage\":\"en-US\"},{\"@type\":\"Organization\",\"@id\":\"https:\/\/fundacionseenart.org\/#organization\",\"name\":\"Fundaci\u00f3n Seen Art\",\"url\":\"https:\/\/fundacionseenart.org\/\",\"logo\":{\"@type\":\"ImageObject\",\"inLanguage\":\"en-US\",\"@id\":\"https:\/\/fundacionseenart.org\/#\/schema\/logo\/image\/\",\"url\":\"https:\/\/fundacionseenart.org\/wp-content\/uploads\/2023\/04\/Fundacion-Seen-Art_gold-e1680363446728.png\",\"contentUrl\":\"https:\/\/fundacionseenart.org\/wp-content\/uploads\/2023\/04\/Fundacion-Seen-Art_gold-e1680363446728.png\",\"width\":1920,\"height\":571,\"caption\":\"Fundaci\u00f3n Seen Art\"},\"image\":{\"@id\":\"https:\/\/fundacionseenart.org\/#\/schema\/logo\/image\/\"},\"sameAs\":[\"https:\/\/www.facebook.com\/fundacionseenartsv?ref=br_tf\",\"https:\/\/twitter.com\/FundacionSeen\",\"https:\/\/www.instagram.com\/fundacionseen\/\"]},{\"@type\":\"Person\",\"@id\":\"https:\/\/fundacionseenart.org\/#\/schema\/person\/75b585c579dd95b194d179979c1352fa\",\"name\":\"b265w\",\"sameAs\":[\"https:\/\/fundacionseenart.org\"],\"url\":\"https:\/\/fundacionseenart.org\/en\/author\/b265w\/\"}]}<\/script>\n<!-- \/ Yoast SEO plugin. -->","yoast_head_json":{"title":"Comedores Comunitarios: Una iniciativa comprometida con la ni\u00f1ez que busca alimentar en cuerpo y alma. - Fundaci\u00f3n Seen Art","robots":{"index":"index","follow":"follow","max-snippet":"max-snippet:-1","max-image-preview":"max-image-preview:large","max-video-preview":"max-video-preview:-1"},"canonical":"https:\/\/fundacionseenart.org\/en\/2023\/04\/01\/1175\/","og_locale":"en_US","og_type":"article","og_title":"Comedores Comunitarios: Una iniciativa comprometida con la ni\u00f1ez que busca alimentar en cuerpo y alma. - Fundaci\u00f3n Seen Art","og_description":"El Proyecto de Comedores Comunitarios de Seen Art es una iniciativa social que ha logrado un impacto importante en varios municipios del pa\u00eds. Con una atenci\u00f3n diaria a un aproximado de 150 ni\u00f1os y ni\u00f1as de escasos recursos, el proyecto ha brindado alimentaci\u00f3n balanceada, atenci\u00f3n m\u00e9dica y nutricional, y actividades de desarrollo personal y educativo. &hellip; Comedores Comunitarios: Una iniciativa comprometida con la ni\u00f1ez que busca alimentar en cuerpo y alma. Read More &raquo;","og_url":"https:\/\/fundacionseenart.org\/en\/2023\/04\/01\/1175\/","og_site_name":"Fundaci\u00f3n Seen Art","article_publisher":"https:\/\/www.facebook.com\/fundacionseenartsv?ref=br_tf","article_published_time":"2023-04-01T14:05:11+00:00","article_modified_time":"2023-04-12T20:01:36+00:00","og_image":[{"width":960,"height":720,"url":"https:\/\/fundacionseenart.org\/wp-content\/uploads\/2023\/04\/336178922_1552329365242613_6756424766494677182_n.jpg","type":"image\/jpeg"}],"author":"b265w","twitter_card":"summary_large_image","twitter_creator":"@FundacionSeen","twitter_site":"@FundacionSeen","twitter_misc":{"Written by":"b265w","Est. reading time":"2 minutes"},"schema":{"@context":"https:\/\/schema.org","@graph":[{"@type":"Article","@id":"https:\/\/fundacionseenart.org\/2023\/04\/01\/1175\/#article","isPartOf":{"@id":"https:\/\/fundacionseenart.org\/2023\/04\/01\/1175\/"},"author":{"name":"b265w","@id":"https:\/\/fundacionseenart.org\/#\/schema\/person\/75b585c579dd95b194d179979c1352fa"},"headline":"Comedores Comunitarios: Una iniciativa comprometida con la ni\u00f1ez que busca alimentar en cuerpo y alma.","datePublished":"2023-04-01T14:05:11+00:00","dateModified":"2023-04-12T20:01:36+00:00","mainEntityOfPage":{"@id":"https:\/\/fundacionseenart.org\/2023\/04\/01\/1175\/"},"wordCount":280,"publisher":{"@id":"https:\/\/fundacionseenart.org\/#organization"},"articleSection":["Actividades"],"inLanguage":"en-US"},{"@type":"WebPage","@id":"https:\/\/fundacionseenart.org\/2023\/04\/01\/1175\/","url":"https:\/\/fundacionseenart.org\/2023\/04\/01\/1175\/","name":"Comedores Comunitarios: Una iniciativa comprometida con la ni\u00f1ez que busca alimentar en cuerpo y alma. - Fundaci\u00f3n Seen Art","isPartOf":{"@id":"https:\/\/fundacionseenart.org\/#website"},"datePublished":"2023-04-01T14:05:11+00:00","dateModified":"2023-04-12T20:01:36+00:00","breadcrumb":{"@id":"https:\/\/fundacionseenart.org\/2023\/04\/01\/1175\/#breadcrumb"},"inLanguage":"en-US","potentialAction":[{"@type":"ReadAction","target":["https:\/\/fundacionseenart.org\/2023\/04\/01\/1175\/"]}]},{"@type":"BreadcrumbList","@id":"https:\/\/fundacionseenart.org\/2023\/04\/01\/1175\/#breadcrumb","itemListElement":[{"@type":"ListItem","position":1,"name":"Portada","item":"https:\/\/fundacionseenart.org\/"},{"@type":"ListItem","position":2,"name":"Comedores Comunitarios: Una iniciativa comprometida con la ni\u00f1ez que busca alimentar en cuerpo y alma."}]},{"@type":"WebSite","@id":"https:\/\/fundacionseenart.org\/#website","url":"https:\/\/fundacionseenart.org\/","name":"Fundaci\u00f3n Seen Art","description":"Ay&uacute;danos a ayudar","publisher":{"@id":"https:\/\/fundacionseenart.org\/#organization"},"potentialAction":[{"@type":"SearchAction","target":{"@type":"EntryPoint","urlTemplate":"https:\/\/fundacionseenart.org\/?s={search_term_string}"},"query-input":"required name=search_term_string"}],"inLanguage":"en-US"},{"@type":"Organization","@id":"https:\/\/fundacionseenart.org\/#organization","name":"Fundaci\u00f3n Seen Art","url":"https:\/\/fundacionseenart.org\/","logo":{"@type":"ImageObject","inLanguage":"en-US","@id":"https:\/\/fundacionseenart.org\/#\/schema\/logo\/image\/","url":"https:\/\/fundacionseenart.org\/wp-content\/uploads\/2023\/04\/Fundacion-Seen-Art_gold-e1680363446728.png","contentUrl":"https:\/\/fundacionseenart.org\/wp-content\/uploads\/2023\/04\/Fundacion-Seen-Art_gold-e1680363446728.png","width":1920,"height":571,"caption":"Fundaci\u00f3n Seen Art"},"image":{"@id":"https:\/\/fundacionseenart.org\/#\/schema\/logo\/image\/"},"sameAs":["https:\/\/www.facebook.com\/fundacionseenartsv?ref=br_tf","https:\/\/twitter.com\/FundacionSeen","https:\/\/www.instagram.com\/fundacionseen\/"]},{"@type":"Person","@id":"https:\/\/fundacionseenart.org\/#\/schema\/person\/75b585c579dd95b194d179979c1352fa","name":"b265w","sameAs":["https:\/\/fundacionseenart.org"],"url":"https:\/\/fundacionseenart.org\/en\/author\/b265w\/"}]}},"jetpack_featured_media_url":"https:\/\/fundacionseenart.org\/wp-content\/uploads\/2023\/04\/fundacion-seen-art_004.jpg","_links":{"self":[{"href":"https:\/\/fundacionseenart.org\/en\/wp-json\/wp\/v2\/posts\/1175","targetHints":{"allow":["GET"]}}],"collection":[{"href":"https:\/\/fundacionseenart.org\/en\/wp-json\/wp\/v2\/posts"}],"about":[{"href":"https:\/\/fundacionseenart.org\/en\/wp-json\/wp\/v2\/types\/post"}],"author":[{"embeddable":true,"href":"https:\/\/fundacionseenart.org\/en\/wp-json\/wp\/v2\/users\/1"}],"replies":[{"embeddable":true,"href":"https:\/\/fundacionseenart.org\/en\/wp-json\/wp\/v2\/comments?post=1175"}],"version-history":[{"count":10,"href":"https:\/\/fundacionseenart.org\/en\/wp-json\/wp\/v2\/posts\/1175\/revisions"}],"predecessor-version":[{"id":1830,"href":"https:\/\/fundacionseenart.org\/en\/wp-json\/wp\/v2\/posts\/1175\/revisions\/1830"}],"wp:featuredmedia":[{"embeddable":true,"href":"https:\/\/fundacionseenart.org\/en\/wp-json\/wp\/v2\/media\/1828"}],"wp:attachment":[{"href":"https:\/\/fundacionseenart.org\/en\/wp-json\/wp\/v2\/media?parent=1175"}],"wp:term":[{"taxonomy":"category","embeddable":true,"href":"https:\/\/fundacionseenart.org\/en\/wp-json\/wp\/v2\/categories?post=1175"},{"taxonomy":"post_tag","embeddable":true,"href":"https:\/\/fundacionseenart.org\/en\/wp-json\/wp\/v2\/tags?post=1175"}],"curies":[{"name":"wp","href":"https:\/\/api.w.org\/{rel}","templated":true}]}}