{"id":1168,"date":"2023-04-01T13:46:52","date_gmt":"2023-04-01T13:46:52","guid":{"rendered":"https:\/\/fundacionseenart.org\/?p=1168"},"modified":"2023-04-02T04:33:32","modified_gmt":"2023-04-02T04:33:32","slug":"programa-de-futbol-esa-holland","status":"publish","type":"post","link":"https:\/\/fundacionseenart.org\/en\/2023\/04\/01\/programa-de-futbol-esa-holland\/","title":{"rendered":"Programa de intercambio cultural-deportivo para j\u00f3venes salvadore\u00f1os en Pa\u00edses Bajos"},"content":{"rendered":"<figure class=\"wp-block-image size-large\"><img loading=\"lazy\" decoding=\"async\" width=\"1024\" height=\"469\" src=\"https:\/\/fundacionseenart.org\/wp-content\/uploads\/2023\/04\/968db9_52d4bbcd19354e6a927f89881cb8ac51_mv2_d_2592_1728_s_2-1024x469.jpg\" alt=\"\" class=\"wp-image-1181\" srcset=\"https:\/\/fundacionseenart.org\/wp-content\/uploads\/2023\/04\/968db9_52d4bbcd19354e6a927f89881cb8ac51_mv2_d_2592_1728_s_2-1024x469.jpg 1024w, https:\/\/fundacionseenart.org\/wp-content\/uploads\/2023\/04\/968db9_52d4bbcd19354e6a927f89881cb8ac51_mv2_d_2592_1728_s_2-300x137.jpg 300w, https:\/\/fundacionseenart.org\/wp-content\/uploads\/2023\/04\/968db9_52d4bbcd19354e6a927f89881cb8ac51_mv2_d_2592_1728_s_2-768x351.jpg 768w, https:\/\/fundacionseenart.org\/wp-content\/uploads\/2023\/04\/968db9_52d4bbcd19354e6a927f89881cb8ac51_mv2_d_2592_1728_s_2-1536x703.jpg 1536w, https:\/\/fundacionseenart.org\/wp-content\/uploads\/2023\/04\/968db9_52d4bbcd19354e6a927f89881cb8ac51_mv2_d_2592_1728_s_2-2048x937.jpg 2048w\" sizes=\"auto, (max-width: 1024px) 100vw, 1024px\" \/><\/figure>\n\n\n\n<p>La Fundaci\u00f3n Seen Art tiene la intenci\u00f3n de llevar a cabo un emocionante proyecto en el que j\u00f3venes con discapacidad intelectual y futbolistas talentosos tendr\u00e1n la oportunidad de integrarse y explorar sus habilidades en un intercambio cultural-deportivo de alto nivel. A pesar de que en El Salvador el apoyo al deporte o iniciativas de este tipo es bajo, la presidenta de la Fundaci\u00f3n, Marie Vigil Viera, est\u00e1 realizando esfuerzos enormes para reactivar este proyecto con apoyos de organizaciones en Holanda.<\/p>\n\n\n\n<p>La iniciativa consiste en un grupo de 25 j\u00f3venes salvadore\u00f1os conformado por los primeros 10 seleccionados por Olimpiadas Especiales de El Salvador y otros 15 con talento futbol\u00edstico viajar\u00e1n a Holanda para enfrentarse a importantes equipos del pa\u00eds. Los j\u00f3venes tendr\u00e1n la oportunidad de participar en un intercambio cultural-deportivo de alto nivel donde realizar\u00e1n varios juegos con importantes equipos de Holanda.<\/p>\n\n\n\n<p>Este proyecto busca crear un intercambio cultural-deportivo de alto nivel que permita a los j\u00f3venes adquirir nuevas habilidades y experiencias valiosas para su desarrollo personal y profesional. Adem\u00e1s, se busca que los j\u00f3venes tengan la oportunidad de visitar importantes sitios culturales del pa\u00eds anfitri\u00f3n, as\u00ed como tambi\u00e9n realizar diversos entrenamientos y juegos contra equipos de la regi\u00f3n.<\/p>\n\n\n\n<p>La selecci\u00f3n de los 15 futbolistas con talento se llev\u00f3 a cabo por medio de una visoria abierta de j\u00f3venes provenientes de las diferentes escuelas de f\u00fatbol de todo el pa\u00eds. La Fundaci\u00f3n Seen Art, busca promover la inclusi\u00f3n y el desarrollo de j\u00f3venes con discapacidad intelectual, as\u00ed como de brindar oportunidades a futbolistas talentosos. Su trabajo ha sido reconocido por diversas organizaciones internacionales, posicion\u00e1ndose como l\u00edderes en la promoci\u00f3n de la inclusi\u00f3n y el desarrollo de j\u00f3venes en El Salvador.<\/p>\n\n\n\n<p>La iniciativa de la Fundaci\u00f3n Seen Art es admirable, ya que en El Salvador el apoyo al deporte o iniciativas de este tipo es bajo. Por esta raz\u00f3n, se agradece a sus aliados como Olimpiadas Especiales de El Salvador (FESA), quienes apoyaron la iniciativa con instalaciones, comunicados y colaboradores, y a La Prensa Gr\u00e1fica, quien permiti\u00f3 a los j\u00f3venes entrenar en sus instalaciones y recibir apoyo medi\u00e1tico. Estos apoyos fueron fundamentales para que el proyecto pudiera llevarse a cabo.<\/p>\n\n\n\n<p>En resumen, este proyecto es una oportunidad \u00fanica para j\u00f3venes con discapacidad intelectual y futbolistas talentosos de explorar sus habilidades y talentos en un intercambio cultural-deportivo de alto nivel. Adem\u00e1s, promueve la inclusi\u00f3n y el desarrollo en diversos \u00e1mbitos, fortalece la relaci\u00f3n entre pa\u00edses y representa un paso importante hacia la construcci\u00f3n de una sociedad m\u00e1s justa y equitativa. La Fundaci\u00f3n Seen Art contin\u00faa trabajando arduamente para que este proyecto salga a la luz y logre su objetivo de promover la inclusi\u00f3n y el desarrollo de j\u00f3venes en El Salvador.<\/p>\n\n\n\n<p>En el pasado, un grupo de j\u00f3venes con discapacidad y futbolistas talentosos participaron en una iniciativa similar. Lamentablemente, debido a una situaci\u00f3n de fuerza mayor, el evento en Holanda fue cancelado y los j\u00f3venes no pudieron viajar. Sin embargo, la Fundaci\u00f3n Seen Art no se rindi\u00f3 y continu\u00f3 trabajando arduamente para que este proyecto salga a la luz.<\/p>","protected":false},"excerpt":{"rendered":"<p>La Fundaci\u00f3n Seen Art tiene la intenci\u00f3n de llevar a cabo un emocionante proyecto en el que j\u00f3venes con discapacidad intelectual y futbolistas talentosos tendr\u00e1n la oportunidad de integrarse y explorar sus habilidades en un intercambio cultural-deportivo de alto nivel. A pesar de que en El Salvador el apoyo al deporte o iniciativas de este &hellip;<\/p>\n<p class=\"read-more\"> <a class=\"\" href=\"https:\/\/fundacionseenart.org\/en\/2023\/04\/01\/programa-de-futbol-esa-holland\/\"> <span class=\"screen-reader-text\">Programa de intercambio cultural-deportivo para j\u00f3venes salvadore\u00f1os en Pa\u00edses Bajos<\/span> Read More &raquo;<\/a><\/p>","protected":false},"author":1,"featured_media":1636,"comment_status":"closed","ping_status":"closed","sticky":false,"template":"","format":"standard","meta":{"site-sidebar-layout":"default","site-content-layout":"default","ast-global-header-display":"","ast-main-header-display":"","ast-hfb-above-header-display":"","ast-hfb-below-header-display":"","ast-hfb-mobile-header-display":"","site-post-title":"","ast-breadcrumbs-content":"","ast-featured-img":"","footer-sml-layout":"","theme-transparent-header-meta":"","adv-header-id-meta":"","stick-header-meta":"","header-above-stick-meta":"","header-main-stick-meta":"","header-below-stick-meta":"","footnotes":""},"categories":[1],"tags":[],"class_list":["post-1168","post","type-post","status-publish","format-standard","has-post-thumbnail","hentry","category-actividades"],"yoast_head":"<!-- This site is optimized with the Yoast SEO plugin v20.5 - https:\/\/yoast.com\/wordpress\/plugins\/seo\/ -->\n<title>Fundaci\u00f3n Seen Art anuncia intercambio cultural-deportivo para j\u00f3venes salvadore\u00f1os en Holanda<\/title>\n<meta name=\"description\" content=\"La Fundaci\u00f3n Seen Art tiene un emocionante proyecto en el que j\u00f3venes con discapacidad intelectual y futbolistas talentosos tendr\u00e1n la oportunidad de explorar sus habilidades en un intercambio cultural-deportivo de alto nivel en Holanda.\" \/>\n<meta name=\"robots\" content=\"index, follow, max-snippet:-1, max-image-preview:large, max-video-preview:-1\" \/>\n<link rel=\"canonical\" href=\"https:\/\/fundacionseenart.org\/en\/2023\/04\/01\/programa-de-futbol-esa-holland\/\" \/>\n<meta property=\"og:locale\" content=\"en_US\" \/>\n<meta property=\"og:type\" content=\"article\" \/>\n<meta property=\"og:title\" content=\"Fundaci\u00f3n Seen Art anuncia intercambio cultural-deportivo para j\u00f3venes salvadore\u00f1os en Holanda\" \/>\n<meta property=\"og:description\" content=\"La Fundaci\u00f3n Seen Art tiene un emocionante proyecto en el que j\u00f3venes con discapacidad intelectual y futbolistas talentosos tendr\u00e1n la oportunidad de explorar sus habilidades en un intercambio cultural-deportivo de alto nivel en Holanda.\" \/>\n<meta property=\"og:url\" content=\"https:\/\/fundacionseenart.org\/en\/2023\/04\/01\/programa-de-futbol-esa-holland\/\" \/>\n<meta property=\"og:site_name\" content=\"Fundaci\u00f3n Seen Art\" \/>\n<meta property=\"article:publisher\" content=\"https:\/\/www.facebook.com\/fundacionseenartsv?ref=br_tf\" \/>\n<meta property=\"article:published_time\" content=\"2023-04-01T13:46:52+00:00\" \/>\n<meta property=\"article:modified_time\" content=\"2023-04-02T04:33:32+00:00\" \/>\n<meta property=\"og:image\" content=\"https:\/\/fundacionseenart.org\/wp-content\/uploads\/2023\/04\/soccer-player-standing-with-a-ball.jpg\" \/>\n\t<meta property=\"og:image:width\" content=\"2000\" \/>\n\t<meta property=\"og:image:height\" content=\"1333\" \/>\n\t<meta property=\"og:image:type\" content=\"image\/jpeg\" \/>\n<meta name=\"author\" content=\"b265w\" \/>\n<meta name=\"twitter:card\" content=\"summary_large_image\" \/>\n<meta name=\"twitter:creator\" content=\"@FundacionSeen\" \/>\n<meta name=\"twitter:site\" content=\"@FundacionSeen\" \/>\n<meta name=\"twitter:label1\" content=\"Written by\" \/>\n\t<meta name=\"twitter:data1\" content=\"b265w\" \/>\n\t<meta name=\"twitter:label2\" content=\"Est. reading time\" \/>\n\t<meta name=\"twitter:data2\" content=\"3 minutes\" \/>\n<script type=\"application\/ld+json\" class=\"yoast-schema-graph\">{\"@context\":\"https:\/\/schema.org\",\"@graph\":[{\"@type\":\"Article\",\"@id\":\"https:\/\/fundacionseenart.org\/2023\/04\/01\/programa-de-futbol-esa-holland\/#article\",\"isPartOf\":{\"@id\":\"https:\/\/fundacionseenart.org\/2023\/04\/01\/programa-de-futbol-esa-holland\/\"},\"author\":{\"name\":\"b265w\",\"@id\":\"https:\/\/fundacionseenart.org\/#\/schema\/person\/75b585c579dd95b194d179979c1352fa\"},\"headline\":\"Programa de intercambio cultural-deportivo para j\u00f3venes salvadore\u00f1os en Pa\u00edses Bajos\",\"datePublished\":\"2023-04-01T13:46:52+00:00\",\"dateModified\":\"2023-04-02T04:33:32+00:00\",\"mainEntityOfPage\":{\"@id\":\"https:\/\/fundacionseenart.org\/2023\/04\/01\/programa-de-futbol-esa-holland\/\"},\"wordCount\":567,\"publisher\":{\"@id\":\"https:\/\/fundacionseenart.org\/#organization\"},\"articleSection\":[\"Actividades\"],\"inLanguage\":\"en-US\"},{\"@type\":\"WebPage\",\"@id\":\"https:\/\/fundacionseenart.org\/2023\/04\/01\/programa-de-futbol-esa-holland\/\",\"url\":\"https:\/\/fundacionseenart.org\/2023\/04\/01\/programa-de-futbol-esa-holland\/\",\"name\":\"Fundaci\u00f3n Seen Art anuncia intercambio cultural-deportivo para j\u00f3venes salvadore\u00f1os en Holanda\",\"isPartOf\":{\"@id\":\"https:\/\/fundacionseenart.org\/#website\"},\"datePublished\":\"2023-04-01T13:46:52+00:00\",\"dateModified\":\"2023-04-02T04:33:32+00:00\",\"description\":\"La Fundaci\u00f3n Seen Art tiene un emocionante proyecto en el que j\u00f3venes con discapacidad intelectual y futbolistas talentosos tendr\u00e1n la oportunidad de explorar sus habilidades en un intercambio cultural-deportivo de alto nivel en Holanda.\",\"breadcrumb\":{\"@id\":\"https:\/\/fundacionseenart.org\/2023\/04\/01\/programa-de-futbol-esa-holland\/#breadcrumb\"},\"inLanguage\":\"en-US\",\"potentialAction\":[{\"@type\":\"ReadAction\",\"target\":[\"https:\/\/fundacionseenart.org\/2023\/04\/01\/programa-de-futbol-esa-holland\/\"]}]},{\"@type\":\"BreadcrumbList\",\"@id\":\"https:\/\/fundacionseenart.org\/2023\/04\/01\/programa-de-futbol-esa-holland\/#breadcrumb\",\"itemListElement\":[{\"@type\":\"ListItem\",\"position\":1,\"name\":\"Portada\",\"item\":\"https:\/\/fundacionseenart.org\/\"},{\"@type\":\"ListItem\",\"position\":2,\"name\":\"Programa de intercambio cultural-deportivo para j\u00f3venes salvadore\u00f1os en Pa\u00edses Bajos\"}]},{\"@type\":\"WebSite\",\"@id\":\"https:\/\/fundacionseenart.org\/#website\",\"url\":\"https:\/\/fundacionseenart.org\/\",\"name\":\"Fundaci\u00f3n Seen Art\",\"description\":\"Ay&uacute;danos a ayudar\",\"publisher\":{\"@id\":\"https:\/\/fundacionseenart.org\/#organization\"},\"potentialAction\":[{\"@type\":\"SearchAction\",\"target\":{\"@type\":\"EntryPoint\",\"urlTemplate\":\"https:\/\/fundacionseenart.org\/?s={search_term_string}\"},\"query-input\":\"required name=search_term_string\"}],\"inLanguage\":\"en-US\"},{\"@type\":\"Organization\",\"@id\":\"https:\/\/fundacionseenart.org\/#organization\",\"name\":\"Fundaci\u00f3n Seen Art\",\"url\":\"https:\/\/fundacionseenart.org\/\",\"logo\":{\"@type\":\"ImageObject\",\"inLanguage\":\"en-US\",\"@id\":\"https:\/\/fundacionseenart.org\/#\/schema\/logo\/image\/\",\"url\":\"https:\/\/fundacionseenart.org\/wp-content\/uploads\/2023\/04\/Fundacion-Seen-Art_gold-e1680363446728.png\",\"contentUrl\":\"https:\/\/fundacionseenart.org\/wp-content\/uploads\/2023\/04\/Fundacion-Seen-Art_gold-e1680363446728.png\",\"width\":1920,\"height\":571,\"caption\":\"Fundaci\u00f3n Seen Art\"},\"image\":{\"@id\":\"https:\/\/fundacionseenart.org\/#\/schema\/logo\/image\/\"},\"sameAs\":[\"https:\/\/www.facebook.com\/fundacionseenartsv?ref=br_tf\",\"https:\/\/twitter.com\/FundacionSeen\",\"https:\/\/www.instagram.com\/fundacionseen\/\"]},{\"@type\":\"Person\",\"@id\":\"https:\/\/fundacionseenart.org\/#\/schema\/person\/75b585c579dd95b194d179979c1352fa\",\"name\":\"b265w\",\"sameAs\":[\"https:\/\/fundacionseenart.org\"],\"url\":\"https:\/\/fundacionseenart.org\/en\/author\/b265w\/\"}]}<\/script>\n<!-- \/ Yoast SEO plugin. -->","yoast_head_json":{"title":"Fundaci\u00f3n Seen Art anuncia intercambio cultural-deportivo para j\u00f3venes salvadore\u00f1os en Holanda","description":"La Fundaci\u00f3n Seen Art tiene un emocionante proyecto en el que j\u00f3venes con discapacidad intelectual y futbolistas talentosos tendr\u00e1n la oportunidad de explorar sus habilidades en un intercambio cultural-deportivo de alto nivel en Holanda.","robots":{"index":"index","follow":"follow","max-snippet":"max-snippet:-1","max-image-preview":"max-image-preview:large","max-video-preview":"max-video-preview:-1"},"canonical":"https:\/\/fundacionseenart.org\/en\/2023\/04\/01\/programa-de-futbol-esa-holland\/","og_locale":"en_US","og_type":"article","og_title":"Fundaci\u00f3n Seen Art anuncia intercambio cultural-deportivo para j\u00f3venes salvadore\u00f1os en Holanda","og_description":"La Fundaci\u00f3n Seen Art tiene un emocionante proyecto en el que j\u00f3venes con discapacidad intelectual y futbolistas talentosos tendr\u00e1n la oportunidad de explorar sus habilidades en un intercambio cultural-deportivo de alto nivel en Holanda.","og_url":"https:\/\/fundacionseenart.org\/en\/2023\/04\/01\/programa-de-futbol-esa-holland\/","og_site_name":"Fundaci\u00f3n Seen Art","article_publisher":"https:\/\/www.facebook.com\/fundacionseenartsv?ref=br_tf","article_published_time":"2023-04-01T13:46:52+00:00","article_modified_time":"2023-04-02T04:33:32+00:00","og_image":[{"width":2000,"height":1333,"url":"https:\/\/fundacionseenart.org\/wp-content\/uploads\/2023\/04\/soccer-player-standing-with-a-ball.jpg","type":"image\/jpeg"}],"author":"b265w","twitter_card":"summary_large_image","twitter_creator":"@FundacionSeen","twitter_site":"@FundacionSeen","twitter_misc":{"Written by":"b265w","Est. reading time":"3 minutes"},"schema":{"@context":"https:\/\/schema.org","@graph":[{"@type":"Article","@id":"https:\/\/fundacionseenart.org\/2023\/04\/01\/programa-de-futbol-esa-holland\/#article","isPartOf":{"@id":"https:\/\/fundacionseenart.org\/2023\/04\/01\/programa-de-futbol-esa-holland\/"},"author":{"name":"b265w","@id":"https:\/\/fundacionseenart.org\/#\/schema\/person\/75b585c579dd95b194d179979c1352fa"},"headline":"Programa de intercambio cultural-deportivo para j\u00f3venes salvadore\u00f1os en Pa\u00edses Bajos","datePublished":"2023-04-01T13:46:52+00:00","dateModified":"2023-04-02T04:33:32+00:00","mainEntityOfPage":{"@id":"https:\/\/fundacionseenart.org\/2023\/04\/01\/programa-de-futbol-esa-holland\/"},"wordCount":567,"publisher":{"@id":"https:\/\/fundacionseenart.org\/#organization"},"articleSection":["Actividades"],"inLanguage":"en-US"},{"@type":"WebPage","@id":"https:\/\/fundacionseenart.org\/2023\/04\/01\/programa-de-futbol-esa-holland\/","url":"https:\/\/fundacionseenart.org\/2023\/04\/01\/programa-de-futbol-esa-holland\/","name":"Fundaci\u00f3n Seen Art anuncia intercambio cultural-deportivo para j\u00f3venes salvadore\u00f1os en Holanda","isPartOf":{"@id":"https:\/\/fundacionseenart.org\/#website"},"datePublished":"2023-04-01T13:46:52+00:00","dateModified":"2023-04-02T04:33:32+00:00","description":"La Fundaci\u00f3n Seen Art tiene un emocionante proyecto en el que j\u00f3venes con discapacidad intelectual y futbolistas talentosos tendr\u00e1n la oportunidad de explorar sus habilidades en un intercambio cultural-deportivo de alto nivel en Holanda.","breadcrumb":{"@id":"https:\/\/fundacionseenart.org\/2023\/04\/01\/programa-de-futbol-esa-holland\/#breadcrumb"},"inLanguage":"en-US","potentialAction":[{"@type":"ReadAction","target":["https:\/\/fundacionseenart.org\/2023\/04\/01\/programa-de-futbol-esa-holland\/"]}]},{"@type":"BreadcrumbList","@id":"https:\/\/fundacionseenart.org\/2023\/04\/01\/programa-de-futbol-esa-holland\/#breadcrumb","itemListElement":[{"@type":"ListItem","position":1,"name":"Portada","item":"https:\/\/fundacionseenart.org\/"},{"@type":"ListItem","position":2,"name":"Programa de intercambio cultural-deportivo para j\u00f3venes salvadore\u00f1os en Pa\u00edses Bajos"}]},{"@type":"WebSite","@id":"https:\/\/fundacionseenart.org\/#website","url":"https:\/\/fundacionseenart.org\/","name":"Fundaci\u00f3n Seen Art","description":"Ay&uacute;danos a ayudar","publisher":{"@id":"https:\/\/fundacionseenart.org\/#organization"},"potentialAction":[{"@type":"SearchAction","target":{"@type":"EntryPoint","urlTemplate":"https:\/\/fundacionseenart.org\/?s={search_term_string}"},"query-input":"required name=search_term_string"}],"inLanguage":"en-US"},{"@type":"Organization","@id":"https:\/\/fundacionseenart.org\/#organization","name":"Fundaci\u00f3n Seen Art","url":"https:\/\/fundacionseenart.org\/","logo":{"@type":"ImageObject","inLanguage":"en-US","@id":"https:\/\/fundacionseenart.org\/#\/schema\/logo\/image\/","url":"https:\/\/fundacionseenart.org\/wp-content\/uploads\/2023\/04\/Fundacion-Seen-Art_gold-e1680363446728.png","contentUrl":"https:\/\/fundacionseenart.org\/wp-content\/uploads\/2023\/04\/Fundacion-Seen-Art_gold-e1680363446728.png","width":1920,"height":571,"caption":"Fundaci\u00f3n Seen Art"},"image":{"@id":"https:\/\/fundacionseenart.org\/#\/schema\/logo\/image\/"},"sameAs":["https:\/\/www.facebook.com\/fundacionseenartsv?ref=br_tf","https:\/\/twitter.com\/FundacionSeen","https:\/\/www.instagram.com\/fundacionseen\/"]},{"@type":"Person","@id":"https:\/\/fundacionseenart.org\/#\/schema\/person\/75b585c579dd95b194d179979c1352fa","name":"b265w","sameAs":["https:\/\/fundacionseenart.org"],"url":"https:\/\/fundacionseenart.org\/en\/author\/b265w\/"}]}},"jetpack_featured_media_url":"https:\/\/fundacionseenart.org\/wp-content\/uploads\/2023\/04\/soccer-player-standing-with-a-ball.jpg","_links":{"self":[{"href":"https:\/\/fundacionseenart.org\/en\/wp-json\/wp\/v2\/posts\/1168","targetHints":{"allow":["GET"]}}],"collection":[{"href":"https:\/\/fundacionseenart.org\/en\/wp-json\/wp\/v2\/posts"}],"about":[{"href":"https:\/\/fundacionseenart.org\/en\/wp-json\/wp\/v2\/types\/post"}],"author":[{"embeddable":true,"href":"https:\/\/fundacionseenart.org\/en\/wp-json\/wp\/v2\/users\/1"}],"replies":[{"embeddable":true,"href":"https:\/\/fundacionseenart.org\/en\/wp-json\/wp\/v2\/comments?post=1168"}],"version-history":[{"count":5,"href":"https:\/\/fundacionseenart.org\/en\/wp-json\/wp\/v2\/posts\/1168\/revisions"}],"predecessor-version":[{"id":1190,"href":"https:\/\/fundacionseenart.org\/en\/wp-json\/wp\/v2\/posts\/1168\/revisions\/1190"}],"wp:featuredmedia":[{"embeddable":true,"href":"https:\/\/fundacionseenart.org\/en\/wp-json\/wp\/v2\/media\/1636"}],"wp:attachment":[{"href":"https:\/\/fundacionseenart.org\/en\/wp-json\/wp\/v2\/media?parent=1168"}],"wp:term":[{"taxonomy":"category","embeddable":true,"href":"https:\/\/fundacionseenart.org\/en\/wp-json\/wp\/v2\/categories?post=1168"},{"taxonomy":"post_tag","embeddable":true,"href":"https:\/\/fundacionseenart.org\/en\/wp-json\/wp\/v2\/tags?post=1168"}],"curies":[{"name":"wp","href":"https:\/\/api.w.org\/{rel}","templated":true}]}}