{"id":1162,"date":"2023-04-01T13:44:56","date_gmt":"2023-04-01T13:44:56","guid":{"rendered":"https:\/\/fundacionseenart.org\/?p=1162"},"modified":"2023-04-02T05:26:38","modified_gmt":"2023-04-02T05:26:38","slug":"primer-concurso-de-bandas-una-iniciativa-para-apoyar-el-arte-y-los-talentos-jovenes","status":"publish","type":"post","link":"https:\/\/fundacionseenart.org\/en\/2023\/04\/01\/primer-concurso-de-bandas-una-iniciativa-para-apoyar-el-arte-y-los-talentos-jovenes\/","title":{"rendered":"Primer concurso de bandas: Una iniciativa para apoyar el arte y los talentos j\u00f3venes"},"content":{"rendered":"<p>En el marco de las fiestas patronales de Santo Domingo, San Vicente, se realiz\u00f3 el primer festival de bandas, un proyecto impulsado por Seen Art en apoyo a ACODESTURSD. El objetivo principal de este proyecto era fomentar el arte y las buenas pr\u00e1cticas como un estilo de vida, y brindar a los j\u00f3venes espacios para poder desarrollar sus talentos.<\/p>\n\n\n\n<figure class=\"wp-block-gallery has-nested-images columns-default is-cropped wp-block-gallery-1 is-layout-flex wp-block-gallery-is-layout-flex\">\n<figure class=\"wp-block-image size-large\"><img loading=\"lazy\" decoding=\"async\" width=\"936\" height=\"1024\" data-id=\"1166\" src=\"https:\/\/fundacionseenart.org\/wp-content\/uploads\/2023\/04\/968db9_aba3a32166cf40c8949e7d17dbdf9a3c_mv2_d_4272_2848_s_4_2-936x1024.jpg\" alt=\"\" class=\"wp-image-1166\" srcset=\"https:\/\/fundacionseenart.org\/wp-content\/uploads\/2023\/04\/968db9_aba3a32166cf40c8949e7d17dbdf9a3c_mv2_d_4272_2848_s_4_2-936x1024.jpg 936w, https:\/\/fundacionseenart.org\/wp-content\/uploads\/2023\/04\/968db9_aba3a32166cf40c8949e7d17dbdf9a3c_mv2_d_4272_2848_s_4_2-274x300.jpg 274w, https:\/\/fundacionseenart.org\/wp-content\/uploads\/2023\/04\/968db9_aba3a32166cf40c8949e7d17dbdf9a3c_mv2_d_4272_2848_s_4_2-768x841.jpg 768w, https:\/\/fundacionseenart.org\/wp-content\/uploads\/2023\/04\/968db9_aba3a32166cf40c8949e7d17dbdf9a3c_mv2_d_4272_2848_s_4_2.jpg 952w\" sizes=\"auto, (max-width: 936px) 100vw, 936px\" \/><\/figure>\n\n\n\n<figure class=\"wp-block-image size-large\"><img loading=\"lazy\" decoding=\"async\" width=\"936\" height=\"1024\" data-id=\"1163\" src=\"https:\/\/fundacionseenart.org\/wp-content\/uploads\/2023\/04\/968db9_b0f3c460577e4aeaa09e2c13f0e35b2e_mv2_d_4272_2848_s_4_2-936x1024.jpg\" alt=\"\" class=\"wp-image-1163\" srcset=\"https:\/\/fundacionseenart.org\/wp-content\/uploads\/2023\/04\/968db9_b0f3c460577e4aeaa09e2c13f0e35b2e_mv2_d_4272_2848_s_4_2-936x1024.jpg 936w, https:\/\/fundacionseenart.org\/wp-content\/uploads\/2023\/04\/968db9_b0f3c460577e4aeaa09e2c13f0e35b2e_mv2_d_4272_2848_s_4_2-274x300.jpg 274w, https:\/\/fundacionseenart.org\/wp-content\/uploads\/2023\/04\/968db9_b0f3c460577e4aeaa09e2c13f0e35b2e_mv2_d_4272_2848_s_4_2-768x841.jpg 768w, https:\/\/fundacionseenart.org\/wp-content\/uploads\/2023\/04\/968db9_b0f3c460577e4aeaa09e2c13f0e35b2e_mv2_d_4272_2848_s_4_2.jpg 952w\" sizes=\"auto, (max-width: 936px) 100vw, 936px\" \/><\/figure>\n\n\n\n<figure class=\"wp-block-image size-large\"><img loading=\"lazy\" decoding=\"async\" width=\"936\" height=\"1024\" data-id=\"1165\" src=\"https:\/\/fundacionseenart.org\/wp-content\/uploads\/2023\/04\/968db9_e9e702214ef74a009b2d98f89bd99a65_mv2_d_4272_2848_s_4_2-936x1024.jpg\" alt=\"\" class=\"wp-image-1165\" srcset=\"https:\/\/fundacionseenart.org\/wp-content\/uploads\/2023\/04\/968db9_e9e702214ef74a009b2d98f89bd99a65_mv2_d_4272_2848_s_4_2-936x1024.jpg 936w, https:\/\/fundacionseenart.org\/wp-content\/uploads\/2023\/04\/968db9_e9e702214ef74a009b2d98f89bd99a65_mv2_d_4272_2848_s_4_2-274x300.jpg 274w, https:\/\/fundacionseenart.org\/wp-content\/uploads\/2023\/04\/968db9_e9e702214ef74a009b2d98f89bd99a65_mv2_d_4272_2848_s_4_2-768x841.jpg 768w, https:\/\/fundacionseenart.org\/wp-content\/uploads\/2023\/04\/968db9_e9e702214ef74a009b2d98f89bd99a65_mv2_d_4272_2848_s_4_2.jpg 952w\" sizes=\"auto, (max-width: 936px) 100vw, 936px\" \/><\/figure>\n<\/figure>\n\n\n\n<div style=\"height:100px\" aria-hidden=\"true\" class=\"wp-block-spacer\"><\/div>\n\n\n\n<h2 class=\"wp-block-heading\">El festival de bandas y su \u00e9xito en Santo Domingo, San Vicente<\/h2>\n\n\n\n<figure class=\"wp-block-image size-large is-resized\"><img loading=\"lazy\" decoding=\"async\" src=\"https:\/\/fundacionseenart.org\/wp-content\/uploads\/2023\/04\/968db9_ad522923acd04f47a3987a77f6f2702dmv2_d_4272_2848_s_4_2-1024x683.jpg\" alt=\"\" class=\"wp-image-1696\" width=\"1200\" height=\"801\" srcset=\"https:\/\/fundacionseenart.org\/wp-content\/uploads\/2023\/04\/968db9_ad522923acd04f47a3987a77f6f2702dmv2_d_4272_2848_s_4_2-1024x683.jpg 1024w, https:\/\/fundacionseenart.org\/wp-content\/uploads\/2023\/04\/968db9_ad522923acd04f47a3987a77f6f2702dmv2_d_4272_2848_s_4_2-300x200.jpg 300w, https:\/\/fundacionseenart.org\/wp-content\/uploads\/2023\/04\/968db9_ad522923acd04f47a3987a77f6f2702dmv2_d_4272_2848_s_4_2-768x512.jpg 768w, https:\/\/fundacionseenart.org\/wp-content\/uploads\/2023\/04\/968db9_ad522923acd04f47a3987a77f6f2702dmv2_d_4272_2848_s_4_2-1536x1024.jpg 1536w, https:\/\/fundacionseenart.org\/wp-content\/uploads\/2023\/04\/968db9_ad522923acd04f47a3987a77f6f2702dmv2_d_4272_2848_s_4_2-2048x1365.jpg 2048w, https:\/\/fundacionseenart.org\/wp-content\/uploads\/2023\/04\/968db9_ad522923acd04f47a3987a77f6f2702dmv2_d_4272_2848_s_4_2-18x12.jpg 18w\" sizes=\"auto, (max-width: 1200px) 100vw, 1200px\" \/><\/figure>\n\n\n\n<p>El festival de bandas cont\u00f3 con la participaci\u00f3n de m\u00e1s de 20 bandas locales, quienes demostraron su talento y pasi\u00f3n por la m\u00fasica. Fue un evento muy exitoso, que reuni\u00f3 a j\u00f3venes de toda la ciudad y de distintas partes del pa\u00eds. La energ\u00eda y el entusiasmo de los participantes y del p\u00fablico asistente fueron incre\u00edbles.<\/p>\n\n\n\n<h2 class=\"wp-block-heading\">Beneficios del proyecto para los j\u00f3venes del territorio nacional<\/h2>\n\n\n\n<p>La iniciativa de Seen Art y ACODESTURSD logr\u00f3 beneficiar a aproximadamente 1500 j\u00f3venes del territorio nacional, quienes tuvieron la oportunidad de mostrar su talento en un escenario profesional y ser parte de un evento que promueve la cultura y el arte. Este proyecto tambi\u00e9n gener\u00f3 una gran cantidad de empleos temporales para los j\u00f3venes locales, quienes pudieron obtener experiencia y aprendizaje en el campo de la organizaci\u00f3n de eventos.<\/p>\n\n\n\n<h2 class=\"wp-block-heading\">La importancia de apoyar a los j\u00f3venes talentos<\/h2>\n\n\n\n<p>En la actualidad, es muy importante apoyar a los j\u00f3venes talentos, especialmente en el campo de la cultura y el arte. Muchos j\u00f3venes tienen habilidades y talentos excepcionales, pero no siempre tienen las oportunidades para poder desarrollarlos y mostrarlos al mundo. Es por eso que proyectos como el festival de bandas son tan valiosos.<\/p>\n\n\n\n<p>Adem\u00e1s, el apoyo a los j\u00f3venes talentos tambi\u00e9n tiene un impacto positivo en la sociedad. Cuando los j\u00f3venes tienen la oportunidad de desarrollar sus habilidades y talentos, pueden convertirse en l\u00edderes y agentes de cambio en sus comunidades. El arte y la cultura tambi\u00e9n tienen un impacto positivo en la salud mental y emocional de las personas, y pueden ayudar a fomentar la creatividad y la innovaci\u00f3n.<\/p>\n\n\n\n<figure class=\"wp-block-image size-large is-resized\"><img loading=\"lazy\" decoding=\"async\" src=\"https:\/\/fundacionseenart.org\/wp-content\/uploads\/2023\/04\/968db9_e22a6d183727434da8fd2c05c9a28f6bmv2_d_4272_2848_s_4_2-1024x683.jpg\" alt=\"\" class=\"wp-image-1694\" width=\"1203\" height=\"802\" srcset=\"https:\/\/fundacionseenart.org\/wp-content\/uploads\/2023\/04\/968db9_e22a6d183727434da8fd2c05c9a28f6bmv2_d_4272_2848_s_4_2-1024x683.jpg 1024w, https:\/\/fundacionseenart.org\/wp-content\/uploads\/2023\/04\/968db9_e22a6d183727434da8fd2c05c9a28f6bmv2_d_4272_2848_s_4_2-300x200.jpg 300w, https:\/\/fundacionseenart.org\/wp-content\/uploads\/2023\/04\/968db9_e22a6d183727434da8fd2c05c9a28f6bmv2_d_4272_2848_s_4_2-768x512.jpg 768w, https:\/\/fundacionseenart.org\/wp-content\/uploads\/2023\/04\/968db9_e22a6d183727434da8fd2c05c9a28f6bmv2_d_4272_2848_s_4_2-1536x1024.jpg 1536w, https:\/\/fundacionseenart.org\/wp-content\/uploads\/2023\/04\/968db9_e22a6d183727434da8fd2c05c9a28f6bmv2_d_4272_2848_s_4_2-2048x1365.jpg 2048w, https:\/\/fundacionseenart.org\/wp-content\/uploads\/2023\/04\/968db9_e22a6d183727434da8fd2c05c9a28f6bmv2_d_4272_2848_s_4_2-18x12.jpg 18w\" sizes=\"auto, (max-width: 1203px) 100vw, 1203px\" \/><\/figure>\n\n\n\n<h2 class=\"wp-block-heading\">La importancia de la cultura y el arte en la sociedad<\/h2>\n\n\n\n<p>La cultura y el arte son elementos fundamentales de cualquier sociedad. La cultura y el arte nos permiten expresar nuestras emociones, nuestras ideas y nuestras opiniones de una manera creativa y original. Adem\u00e1s, el arte y la cultura nos permiten conocer y entender otras culturas, y nos ayudan a construir puentes de entendimiento y respeto entre las personas.<\/p>\n\n\n\n<p>En una sociedad cada vez m\u00e1s globalizada, es importante fomentar la cultura y el arte como un medio para construir puentes de entendimiento y respeto entre las personas. Los proyectos como el festival de bandas son una excelente manera de promover la cultura y el arte, y de fomentar la creatividad y la innovaci\u00f3n en las j\u00f3venes generaciones.<\/p>\n\n\n\n<figure class=\"wp-block-image size-large is-resized\"><img loading=\"lazy\" decoding=\"async\" src=\"https:\/\/fundacionseenart.org\/wp-content\/uploads\/2023\/04\/968db9_92bd25aa875949cca372badbc83c52c6_mv2_d_4272_2848_s_4_2-1024x683.jpg\" alt=\"\" class=\"wp-image-1717\" width=\"1202\" height=\"802\" srcset=\"https:\/\/fundacionseenart.org\/wp-content\/uploads\/2023\/04\/968db9_92bd25aa875949cca372badbc83c52c6_mv2_d_4272_2848_s_4_2-1024x683.jpg 1024w, https:\/\/fundacionseenart.org\/wp-content\/uploads\/2023\/04\/968db9_92bd25aa875949cca372badbc83c52c6_mv2_d_4272_2848_s_4_2-300x200.jpg 300w, https:\/\/fundacionseenart.org\/wp-content\/uploads\/2023\/04\/968db9_92bd25aa875949cca372badbc83c52c6_mv2_d_4272_2848_s_4_2-768x512.jpg 768w, https:\/\/fundacionseenart.org\/wp-content\/uploads\/2023\/04\/968db9_92bd25aa875949cca372badbc83c52c6_mv2_d_4272_2848_s_4_2-1536x1024.jpg 1536w, https:\/\/fundacionseenart.org\/wp-content\/uploads\/2023\/04\/968db9_92bd25aa875949cca372badbc83c52c6_mv2_d_4272_2848_s_4_2-2048x1365.jpg 2048w, https:\/\/fundacionseenart.org\/wp-content\/uploads\/2023\/04\/968db9_92bd25aa875949cca372badbc83c52c6_mv2_d_4272_2848_s_4_2-18x12.jpg 18w\" sizes=\"auto, (max-width: 1202px) 100vw, 1202px\" \/><\/figure>\n\n\n\n<figure class=\"wp-block-image size-large is-resized\"><img loading=\"lazy\" decoding=\"async\" src=\"https:\/\/fundacionseenart.org\/wp-content\/uploads\/2023\/04\/968db9_769717fe8f3f464a8029779abcfd8b0dmv2_d_4272_2848_s_4_2-1024x683.jpg\" alt=\"\" class=\"wp-image-1693\" width=\"1204\" height=\"803\" srcset=\"https:\/\/fundacionseenart.org\/wp-content\/uploads\/2023\/04\/968db9_769717fe8f3f464a8029779abcfd8b0dmv2_d_4272_2848_s_4_2-1024x683.jpg 1024w, https:\/\/fundacionseenart.org\/wp-content\/uploads\/2023\/04\/968db9_769717fe8f3f464a8029779abcfd8b0dmv2_d_4272_2848_s_4_2-300x200.jpg 300w, https:\/\/fundacionseenart.org\/wp-content\/uploads\/2023\/04\/968db9_769717fe8f3f464a8029779abcfd8b0dmv2_d_4272_2848_s_4_2-768x512.jpg 768w, https:\/\/fundacionseenart.org\/wp-content\/uploads\/2023\/04\/968db9_769717fe8f3f464a8029779abcfd8b0dmv2_d_4272_2848_s_4_2-1536x1024.jpg 1536w, https:\/\/fundacionseenart.org\/wp-content\/uploads\/2023\/04\/968db9_769717fe8f3f464a8029779abcfd8b0dmv2_d_4272_2848_s_4_2-2048x1365.jpg 2048w, https:\/\/fundacionseenart.org\/wp-content\/uploads\/2023\/04\/968db9_769717fe8f3f464a8029779abcfd8b0dmv2_d_4272_2848_s_4_2-18x12.jpg 18w\" sizes=\"auto, (max-width: 1204px) 100vw, 1204px\" \/><\/figure>","protected":false},"excerpt":{"rendered":"<p>En el marco de las fiestas patronales de Santo Domingo, San Vicente, se realiz\u00f3 el primer festival de bandas, un proyecto impulsado por Seen Art en apoyo a ACODESTURSD. El objetivo principal de este proyecto era fomentar el arte y las buenas pr\u00e1cticas como un estilo de vida, y brindar a los j\u00f3venes espacios para &hellip;<\/p>\n<p class=\"read-more\"> <a class=\"\" href=\"https:\/\/fundacionseenart.org\/en\/2023\/04\/01\/primer-concurso-de-bandas-una-iniciativa-para-apoyar-el-arte-y-los-talentos-jovenes\/\"> <span class=\"screen-reader-text\">Primer concurso de bandas: Una iniciativa para apoyar el arte y los talentos j\u00f3venes<\/span> Read More &raquo;<\/a><\/p>","protected":false},"author":1,"featured_media":1694,"comment_status":"closed","ping_status":"closed","sticky":false,"template":"","format":"standard","meta":{"site-sidebar-layout":"default","site-content-layout":"default","ast-global-header-display":"","ast-main-header-display":"","ast-hfb-above-header-display":"","ast-hfb-below-header-display":"","ast-hfb-mobile-header-display":"","site-post-title":"","ast-breadcrumbs-content":"","ast-featured-img":"","footer-sml-layout":"","theme-transparent-header-meta":"","adv-header-id-meta":"","stick-header-meta":"","header-above-stick-meta":"","header-main-stick-meta":"","header-below-stick-meta":"","footnotes":""},"categories":[1],"tags":[],"class_list":["post-1162","post","type-post","status-publish","format-standard","has-post-thumbnail","hentry","category-actividades"],"yoast_head":"<!-- This site is optimized with the Yoast SEO plugin v20.5 - https:\/\/yoast.com\/wordpress\/plugins\/seo\/ -->\n<title>Primer concurso de bandas: Una iniciativa para apoyar el arte y los talentos j\u00f3venes - Fundaci\u00f3n Seen Art<\/title>\n<meta name=\"description\" content=\"Conoce c\u00f3mo el primer festival de bandas en Santo Domingo, San Vicente, apoy\u00f3 a los j\u00f3venes talentos y promovi\u00f3 la cultura y el arte en el territorio nacional. Descubre los beneficios de fomentar la creatividad y la innovaci\u00f3n en las j\u00f3venes generaciones.\" \/>\n<meta name=\"robots\" content=\"index, follow, max-snippet:-1, max-image-preview:large, max-video-preview:-1\" \/>\n<link rel=\"canonical\" href=\"https:\/\/fundacionseenart.org\/en\/2023\/04\/01\/primer-concurso-de-bandas-una-iniciativa-para-apoyar-el-arte-y-los-talentos-jovenes\/\" \/>\n<meta property=\"og:locale\" content=\"en_US\" \/>\n<meta property=\"og:type\" content=\"article\" \/>\n<meta property=\"og:title\" content=\"Primer concurso de bandas: Una iniciativa para apoyar el arte y los talentos j\u00f3venes - Fundaci\u00f3n Seen Art\" \/>\n<meta property=\"og:description\" content=\"Conoce c\u00f3mo el primer festival de bandas en Santo Domingo, San Vicente, apoy\u00f3 a los j\u00f3venes talentos y promovi\u00f3 la cultura y el arte en el territorio nacional. Descubre los beneficios de fomentar la creatividad y la innovaci\u00f3n en las j\u00f3venes generaciones.\" \/>\n<meta property=\"og:url\" content=\"https:\/\/fundacionseenart.org\/en\/2023\/04\/01\/primer-concurso-de-bandas-una-iniciativa-para-apoyar-el-arte-y-los-talentos-jovenes\/\" \/>\n<meta property=\"og:site_name\" content=\"Fundaci\u00f3n Seen Art\" \/>\n<meta property=\"article:publisher\" content=\"https:\/\/www.facebook.com\/fundacionseenartsv?ref=br_tf\" \/>\n<meta property=\"article:published_time\" content=\"2023-04-01T13:44:56+00:00\" \/>\n<meta property=\"article:modified_time\" content=\"2023-04-02T05:26:38+00:00\" \/>\n<meta property=\"og:image\" content=\"https:\/\/fundacionseenart.org\/wp-content\/uploads\/2023\/04\/968db9_e22a6d183727434da8fd2c05c9a28f6bmv2_d_4272_2848_s_4_2-scaled.jpg\" \/>\n\t<meta property=\"og:image:width\" content=\"2560\" \/>\n\t<meta property=\"og:image:height\" content=\"1707\" \/>\n\t<meta property=\"og:image:type\" content=\"image\/jpeg\" \/>\n<meta name=\"author\" content=\"b265w\" \/>\n<meta name=\"twitter:card\" content=\"summary_large_image\" \/>\n<meta name=\"twitter:creator\" content=\"@FundacionSeen\" \/>\n<meta name=\"twitter:site\" content=\"@FundacionSeen\" \/>\n<meta name=\"twitter:label1\" content=\"Written by\" \/>\n\t<meta name=\"twitter:data1\" content=\"b265w\" \/>\n\t<meta name=\"twitter:label2\" content=\"Est. reading time\" \/>\n\t<meta name=\"twitter:data2\" content=\"4 minutes\" \/>\n<script type=\"application\/ld+json\" class=\"yoast-schema-graph\">{\"@context\":\"https:\/\/schema.org\",\"@graph\":[{\"@type\":\"Article\",\"@id\":\"https:\/\/fundacionseenart.org\/2023\/04\/01\/primer-concurso-de-bandas-una-iniciativa-para-apoyar-el-arte-y-los-talentos-jovenes\/#article\",\"isPartOf\":{\"@id\":\"https:\/\/fundacionseenart.org\/2023\/04\/01\/primer-concurso-de-bandas-una-iniciativa-para-apoyar-el-arte-y-los-talentos-jovenes\/\"},\"author\":{\"name\":\"b265w\",\"@id\":\"https:\/\/fundacionseenart.org\/#\/schema\/person\/75b585c579dd95b194d179979c1352fa\"},\"headline\":\"Primer concurso de bandas: Una iniciativa para apoyar el arte y los talentos j\u00f3venes\",\"datePublished\":\"2023-04-01T13:44:56+00:00\",\"dateModified\":\"2023-04-02T05:26:38+00:00\",\"mainEntityOfPage\":{\"@id\":\"https:\/\/fundacionseenart.org\/2023\/04\/01\/primer-concurso-de-bandas-una-iniciativa-para-apoyar-el-arte-y-los-talentos-jovenes\/\"},\"wordCount\":504,\"publisher\":{\"@id\":\"https:\/\/fundacionseenart.org\/#organization\"},\"articleSection\":[\"Actividades\"],\"inLanguage\":\"en-US\"},{\"@type\":\"WebPage\",\"@id\":\"https:\/\/fundacionseenart.org\/2023\/04\/01\/primer-concurso-de-bandas-una-iniciativa-para-apoyar-el-arte-y-los-talentos-jovenes\/\",\"url\":\"https:\/\/fundacionseenart.org\/2023\/04\/01\/primer-concurso-de-bandas-una-iniciativa-para-apoyar-el-arte-y-los-talentos-jovenes\/\",\"name\":\"Primer concurso de bandas: Una iniciativa para apoyar el arte y los talentos j\u00f3venes - Fundaci\u00f3n Seen Art\",\"isPartOf\":{\"@id\":\"https:\/\/fundacionseenart.org\/#website\"},\"datePublished\":\"2023-04-01T13:44:56+00:00\",\"dateModified\":\"2023-04-02T05:26:38+00:00\",\"description\":\"Conoce c\u00f3mo el primer festival de bandas en Santo Domingo, San Vicente, apoy\u00f3 a los j\u00f3venes talentos y promovi\u00f3 la cultura y el arte en el territorio nacional. Descubre los beneficios de fomentar la creatividad y la innovaci\u00f3n en las j\u00f3venes generaciones.\",\"breadcrumb\":{\"@id\":\"https:\/\/fundacionseenart.org\/2023\/04\/01\/primer-concurso-de-bandas-una-iniciativa-para-apoyar-el-arte-y-los-talentos-jovenes\/#breadcrumb\"},\"inLanguage\":\"en-US\",\"potentialAction\":[{\"@type\":\"ReadAction\",\"target\":[\"https:\/\/fundacionseenart.org\/2023\/04\/01\/primer-concurso-de-bandas-una-iniciativa-para-apoyar-el-arte-y-los-talentos-jovenes\/\"]}]},{\"@type\":\"BreadcrumbList\",\"@id\":\"https:\/\/fundacionseenart.org\/2023\/04\/01\/primer-concurso-de-bandas-una-iniciativa-para-apoyar-el-arte-y-los-talentos-jovenes\/#breadcrumb\",\"itemListElement\":[{\"@type\":\"ListItem\",\"position\":1,\"name\":\"Portada\",\"item\":\"https:\/\/fundacionseenart.org\/\"},{\"@type\":\"ListItem\",\"position\":2,\"name\":\"Primer concurso de bandas: Una iniciativa para apoyar el arte y los talentos j\u00f3venes\"}]},{\"@type\":\"WebSite\",\"@id\":\"https:\/\/fundacionseenart.org\/#website\",\"url\":\"https:\/\/fundacionseenart.org\/\",\"name\":\"Fundaci\u00f3n Seen Art\",\"description\":\"Ay&uacute;danos a ayudar\",\"publisher\":{\"@id\":\"https:\/\/fundacionseenart.org\/#organization\"},\"potentialAction\":[{\"@type\":\"SearchAction\",\"target\":{\"@type\":\"EntryPoint\",\"urlTemplate\":\"https:\/\/fundacionseenart.org\/?s={search_term_string}\"},\"query-input\":\"required name=search_term_string\"}],\"inLanguage\":\"en-US\"},{\"@type\":\"Organization\",\"@id\":\"https:\/\/fundacionseenart.org\/#organization\",\"name\":\"Fundaci\u00f3n Seen Art\",\"url\":\"https:\/\/fundacionseenart.org\/\",\"logo\":{\"@type\":\"ImageObject\",\"inLanguage\":\"en-US\",\"@id\":\"https:\/\/fundacionseenart.org\/#\/schema\/logo\/image\/\",\"url\":\"https:\/\/fundacionseenart.org\/wp-content\/uploads\/2023\/04\/Fundacion-Seen-Art_gold-e1680363446728.png\",\"contentUrl\":\"https:\/\/fundacionseenart.org\/wp-content\/uploads\/2023\/04\/Fundacion-Seen-Art_gold-e1680363446728.png\",\"width\":1920,\"height\":571,\"caption\":\"Fundaci\u00f3n Seen Art\"},\"image\":{\"@id\":\"https:\/\/fundacionseenart.org\/#\/schema\/logo\/image\/\"},\"sameAs\":[\"https:\/\/www.facebook.com\/fundacionseenartsv?ref=br_tf\",\"https:\/\/twitter.com\/FundacionSeen\",\"https:\/\/www.instagram.com\/fundacionseen\/\"]},{\"@type\":\"Person\",\"@id\":\"https:\/\/fundacionseenart.org\/#\/schema\/person\/75b585c579dd95b194d179979c1352fa\",\"name\":\"b265w\",\"sameAs\":[\"https:\/\/fundacionseenart.org\"],\"url\":\"https:\/\/fundacionseenart.org\/en\/author\/b265w\/\"}]}<\/script>\n<!-- \/ Yoast SEO plugin. -->","yoast_head_json":{"title":"Primer concurso de bandas: Una iniciativa para apoyar el arte y los talentos j\u00f3venes - Fundaci\u00f3n Seen Art","description":"Conoce c\u00f3mo el primer festival de bandas en Santo Domingo, San Vicente, apoy\u00f3 a los j\u00f3venes talentos y promovi\u00f3 la cultura y el arte en el territorio nacional. Descubre los beneficios de fomentar la creatividad y la innovaci\u00f3n en las j\u00f3venes generaciones.","robots":{"index":"index","follow":"follow","max-snippet":"max-snippet:-1","max-image-preview":"max-image-preview:large","max-video-preview":"max-video-preview:-1"},"canonical":"https:\/\/fundacionseenart.org\/en\/2023\/04\/01\/primer-concurso-de-bandas-una-iniciativa-para-apoyar-el-arte-y-los-talentos-jovenes\/","og_locale":"en_US","og_type":"article","og_title":"Primer concurso de bandas: Una iniciativa para apoyar el arte y los talentos j\u00f3venes - Fundaci\u00f3n Seen Art","og_description":"Conoce c\u00f3mo el primer festival de bandas en Santo Domingo, San Vicente, apoy\u00f3 a los j\u00f3venes talentos y promovi\u00f3 la cultura y el arte en el territorio nacional. Descubre los beneficios de fomentar la creatividad y la innovaci\u00f3n en las j\u00f3venes generaciones.","og_url":"https:\/\/fundacionseenart.org\/en\/2023\/04\/01\/primer-concurso-de-bandas-una-iniciativa-para-apoyar-el-arte-y-los-talentos-jovenes\/","og_site_name":"Fundaci\u00f3n Seen Art","article_publisher":"https:\/\/www.facebook.com\/fundacionseenartsv?ref=br_tf","article_published_time":"2023-04-01T13:44:56+00:00","article_modified_time":"2023-04-02T05:26:38+00:00","og_image":[{"width":2560,"height":1707,"url":"https:\/\/fundacionseenart.org\/wp-content\/uploads\/2023\/04\/968db9_e22a6d183727434da8fd2c05c9a28f6bmv2_d_4272_2848_s_4_2-scaled.jpg","type":"image\/jpeg"}],"author":"b265w","twitter_card":"summary_large_image","twitter_creator":"@FundacionSeen","twitter_site":"@FundacionSeen","twitter_misc":{"Written by":"b265w","Est. reading time":"4 minutes"},"schema":{"@context":"https:\/\/schema.org","@graph":[{"@type":"Article","@id":"https:\/\/fundacionseenart.org\/2023\/04\/01\/primer-concurso-de-bandas-una-iniciativa-para-apoyar-el-arte-y-los-talentos-jovenes\/#article","isPartOf":{"@id":"https:\/\/fundacionseenart.org\/2023\/04\/01\/primer-concurso-de-bandas-una-iniciativa-para-apoyar-el-arte-y-los-talentos-jovenes\/"},"author":{"name":"b265w","@id":"https:\/\/fundacionseenart.org\/#\/schema\/person\/75b585c579dd95b194d179979c1352fa"},"headline":"Primer concurso de bandas: Una iniciativa para apoyar el arte y los talentos j\u00f3venes","datePublished":"2023-04-01T13:44:56+00:00","dateModified":"2023-04-02T05:26:38+00:00","mainEntityOfPage":{"@id":"https:\/\/fundacionseenart.org\/2023\/04\/01\/primer-concurso-de-bandas-una-iniciativa-para-apoyar-el-arte-y-los-talentos-jovenes\/"},"wordCount":504,"publisher":{"@id":"https:\/\/fundacionseenart.org\/#organization"},"articleSection":["Actividades"],"inLanguage":"en-US"},{"@type":"WebPage","@id":"https:\/\/fundacionseenart.org\/2023\/04\/01\/primer-concurso-de-bandas-una-iniciativa-para-apoyar-el-arte-y-los-talentos-jovenes\/","url":"https:\/\/fundacionseenart.org\/2023\/04\/01\/primer-concurso-de-bandas-una-iniciativa-para-apoyar-el-arte-y-los-talentos-jovenes\/","name":"Primer concurso de bandas: Una iniciativa para apoyar el arte y los talentos j\u00f3venes - Fundaci\u00f3n Seen Art","isPartOf":{"@id":"https:\/\/fundacionseenart.org\/#website"},"datePublished":"2023-04-01T13:44:56+00:00","dateModified":"2023-04-02T05:26:38+00:00","description":"Conoce c\u00f3mo el primer festival de bandas en Santo Domingo, San Vicente, apoy\u00f3 a los j\u00f3venes talentos y promovi\u00f3 la cultura y el arte en el territorio nacional. Descubre los beneficios de fomentar la creatividad y la innovaci\u00f3n en las j\u00f3venes generaciones.","breadcrumb":{"@id":"https:\/\/fundacionseenart.org\/2023\/04\/01\/primer-concurso-de-bandas-una-iniciativa-para-apoyar-el-arte-y-los-talentos-jovenes\/#breadcrumb"},"inLanguage":"en-US","potentialAction":[{"@type":"ReadAction","target":["https:\/\/fundacionseenart.org\/2023\/04\/01\/primer-concurso-de-bandas-una-iniciativa-para-apoyar-el-arte-y-los-talentos-jovenes\/"]}]},{"@type":"BreadcrumbList","@id":"https:\/\/fundacionseenart.org\/2023\/04\/01\/primer-concurso-de-bandas-una-iniciativa-para-apoyar-el-arte-y-los-talentos-jovenes\/#breadcrumb","itemListElement":[{"@type":"ListItem","position":1,"name":"Portada","item":"https:\/\/fundacionseenart.org\/"},{"@type":"ListItem","position":2,"name":"Primer concurso de bandas: Una iniciativa para apoyar el arte y los talentos j\u00f3venes"}]},{"@type":"WebSite","@id":"https:\/\/fundacionseenart.org\/#website","url":"https:\/\/fundacionseenart.org\/","name":"Fundaci\u00f3n Seen Art","description":"Ay&uacute;danos a ayudar","publisher":{"@id":"https:\/\/fundacionseenart.org\/#organization"},"potentialAction":[{"@type":"SearchAction","target":{"@type":"EntryPoint","urlTemplate":"https:\/\/fundacionseenart.org\/?s={search_term_string}"},"query-input":"required name=search_term_string"}],"inLanguage":"en-US"},{"@type":"Organization","@id":"https:\/\/fundacionseenart.org\/#organization","name":"Fundaci\u00f3n Seen Art","url":"https:\/\/fundacionseenart.org\/","logo":{"@type":"ImageObject","inLanguage":"en-US","@id":"https:\/\/fundacionseenart.org\/#\/schema\/logo\/image\/","url":"https:\/\/fundacionseenart.org\/wp-content\/uploads\/2023\/04\/Fundacion-Seen-Art_gold-e1680363446728.png","contentUrl":"https:\/\/fundacionseenart.org\/wp-content\/uploads\/2023\/04\/Fundacion-Seen-Art_gold-e1680363446728.png","width":1920,"height":571,"caption":"Fundaci\u00f3n Seen Art"},"image":{"@id":"https:\/\/fundacionseenart.org\/#\/schema\/logo\/image\/"},"sameAs":["https:\/\/www.facebook.com\/fundacionseenartsv?ref=br_tf","https:\/\/twitter.com\/FundacionSeen","https:\/\/www.instagram.com\/fundacionseen\/"]},{"@type":"Person","@id":"https:\/\/fundacionseenart.org\/#\/schema\/person\/75b585c579dd95b194d179979c1352fa","name":"b265w","sameAs":["https:\/\/fundacionseenart.org"],"url":"https:\/\/fundacionseenart.org\/en\/author\/b265w\/"}]}},"jetpack_featured_media_url":"https:\/\/fundacionseenart.org\/wp-content\/uploads\/2023\/04\/968db9_e22a6d183727434da8fd2c05c9a28f6bmv2_d_4272_2848_s_4_2-scaled.jpg","_links":{"self":[{"href":"https:\/\/fundacionseenart.org\/en\/wp-json\/wp\/v2\/posts\/1162","targetHints":{"allow":["GET"]}}],"collection":[{"href":"https:\/\/fundacionseenart.org\/en\/wp-json\/wp\/v2\/posts"}],"about":[{"href":"https:\/\/fundacionseenart.org\/en\/wp-json\/wp\/v2\/types\/post"}],"author":[{"embeddable":true,"href":"https:\/\/fundacionseenart.org\/en\/wp-json\/wp\/v2\/users\/1"}],"replies":[{"embeddable":true,"href":"https:\/\/fundacionseenart.org\/en\/wp-json\/wp\/v2\/comments?post=1162"}],"version-history":[{"count":5,"href":"https:\/\/fundacionseenart.org\/en\/wp-json\/wp\/v2\/posts\/1162\/revisions"}],"predecessor-version":[{"id":1719,"href":"https:\/\/fundacionseenart.org\/en\/wp-json\/wp\/v2\/posts\/1162\/revisions\/1719"}],"wp:featuredmedia":[{"embeddable":true,"href":"https:\/\/fundacionseenart.org\/en\/wp-json\/wp\/v2\/media\/1694"}],"wp:attachment":[{"href":"https:\/\/fundacionseenart.org\/en\/wp-json\/wp\/v2\/media?parent=1162"}],"wp:term":[{"taxonomy":"category","embeddable":true,"href":"https:\/\/fundacionseenart.org\/en\/wp-json\/wp\/v2\/categories?post=1162"},{"taxonomy":"post_tag","embeddable":true,"href":"https:\/\/fundacionseenart.org\/en\/wp-json\/wp\/v2\/tags?post=1162"}],"curies":[{"name":"wp","href":"https:\/\/api.w.org\/{rel}","templated":true}]}}