{"id":1153,"date":"2023-04-01T13:38:08","date_gmt":"2023-04-01T13:38:08","guid":{"rendered":"https:\/\/fundacionseenart.org\/?p=1153"},"modified":"2023-04-01T13:38:09","modified_gmt":"2023-04-01T13:38:09","slug":"fundacion-seen-art-promueve-la-cultura-en-centro-escolar-en-guazapa","status":"publish","type":"post","link":"https:\/\/fundacionseenart.org\/en\/2023\/04\/01\/fundacion-seen-art-promueve-la-cultura-en-centro-escolar-en-guazapa\/","title":{"rendered":"Fundaci\u00f3n Seen Art promueve la cultura en Centro Escolar en Guazapa"},"content":{"rendered":"<p>Recientemente, la organizaci\u00f3n visit\u00f3 el Centro Escolar en Guazapa en El Salvador, con el apoyo del Consulado del Reino de Pa\u00edses Bajos en El Salvador y su presidenta Mar\u00eda Vigil Viera. La visita al Centro Escolar en Guazapa es solo uno de los muchos proyectos en los que la Fundaci\u00f3n Seen Art ha estado involucrada.<br><br><\/p>\n\n\n\n<figure class=\"wp-block-gallery has-nested-images columns-default is-cropped wp-block-gallery-1 is-layout-flex wp-block-gallery-is-layout-flex\">\n<figure class=\"wp-block-image size-large\"><img loading=\"lazy\" decoding=\"async\" width=\"934\" height=\"1024\" data-id=\"1159\" src=\"https:\/\/fundacionseenart.org\/wp-content\/uploads\/2023\/04\/968db9_0884669d08eb4047a699e04993e62383_mv2_d_5152_3864_s_4_2-934x1024.jpg\" alt=\"\" class=\"wp-image-1159\" srcset=\"https:\/\/fundacionseenart.org\/wp-content\/uploads\/2023\/04\/968db9_0884669d08eb4047a699e04993e62383_mv2_d_5152_3864_s_4_2-934x1024.jpg 934w, https:\/\/fundacionseenart.org\/wp-content\/uploads\/2023\/04\/968db9_0884669d08eb4047a699e04993e62383_mv2_d_5152_3864_s_4_2-274x300.jpg 274w, https:\/\/fundacionseenart.org\/wp-content\/uploads\/2023\/04\/968db9_0884669d08eb4047a699e04993e62383_mv2_d_5152_3864_s_4_2-768x842.jpg 768w, https:\/\/fundacionseenart.org\/wp-content\/uploads\/2023\/04\/968db9_0884669d08eb4047a699e04993e62383_mv2_d_5152_3864_s_4_2.jpg 952w\" sizes=\"auto, (max-width: 934px) 100vw, 934px\" \/><\/figure>\n\n\n\n<figure class=\"wp-block-image size-large\"><img loading=\"lazy\" decoding=\"async\" width=\"934\" height=\"1024\" data-id=\"1158\" src=\"https:\/\/fundacionseenart.org\/wp-content\/uploads\/2023\/04\/968db9_025724b6b7d24cd8a67f88b42c6c3247_mv2_d_5152_3864_s_4_2-934x1024.jpg\" alt=\"\" class=\"wp-image-1158\" srcset=\"https:\/\/fundacionseenart.org\/wp-content\/uploads\/2023\/04\/968db9_025724b6b7d24cd8a67f88b42c6c3247_mv2_d_5152_3864_s_4_2-934x1024.jpg 934w, https:\/\/fundacionseenart.org\/wp-content\/uploads\/2023\/04\/968db9_025724b6b7d24cd8a67f88b42c6c3247_mv2_d_5152_3864_s_4_2-274x300.jpg 274w, https:\/\/fundacionseenart.org\/wp-content\/uploads\/2023\/04\/968db9_025724b6b7d24cd8a67f88b42c6c3247_mv2_d_5152_3864_s_4_2-768x842.jpg 768w, https:\/\/fundacionseenart.org\/wp-content\/uploads\/2023\/04\/968db9_025724b6b7d24cd8a67f88b42c6c3247_mv2_d_5152_3864_s_4_2.jpg 952w\" sizes=\"auto, (max-width: 934px) 100vw, 934px\" \/><\/figure>\n\n\n\n<figure class=\"wp-block-image size-large\"><img loading=\"lazy\" decoding=\"async\" width=\"934\" height=\"1024\" data-id=\"1157\" src=\"https:\/\/fundacionseenart.org\/wp-content\/uploads\/2023\/04\/968db9_0072deb581dc4d8eb0f18e0c5809379c_mv2_d_5152_3864_s_4_2-934x1024.jpg\" alt=\"\" class=\"wp-image-1157\" srcset=\"https:\/\/fundacionseenart.org\/wp-content\/uploads\/2023\/04\/968db9_0072deb581dc4d8eb0f18e0c5809379c_mv2_d_5152_3864_s_4_2-934x1024.jpg 934w, https:\/\/fundacionseenart.org\/wp-content\/uploads\/2023\/04\/968db9_0072deb581dc4d8eb0f18e0c5809379c_mv2_d_5152_3864_s_4_2-274x300.jpg 274w, https:\/\/fundacionseenart.org\/wp-content\/uploads\/2023\/04\/968db9_0072deb581dc4d8eb0f18e0c5809379c_mv2_d_5152_3864_s_4_2-768x842.jpg 768w, https:\/\/fundacionseenart.org\/wp-content\/uploads\/2023\/04\/968db9_0072deb581dc4d8eb0f18e0c5809379c_mv2_d_5152_3864_s_4_2.jpg 952w\" sizes=\"auto, (max-width: 934px) 100vw, 934px\" \/><\/figure>\n\n\n\n<figure class=\"wp-block-image size-large\"><img loading=\"lazy\" decoding=\"async\" width=\"934\" height=\"1024\" data-id=\"1156\" src=\"https:\/\/fundacionseenart.org\/wp-content\/uploads\/2023\/04\/968db9_30ff6279cd0043d7adc38dcef4666573_mv2_d_5152_3864_s_4_2-934x1024.jpg\" alt=\"\" class=\"wp-image-1156\" srcset=\"https:\/\/fundacionseenart.org\/wp-content\/uploads\/2023\/04\/968db9_30ff6279cd0043d7adc38dcef4666573_mv2_d_5152_3864_s_4_2-934x1024.jpg 934w, https:\/\/fundacionseenart.org\/wp-content\/uploads\/2023\/04\/968db9_30ff6279cd0043d7adc38dcef4666573_mv2_d_5152_3864_s_4_2-274x300.jpg 274w, https:\/\/fundacionseenart.org\/wp-content\/uploads\/2023\/04\/968db9_30ff6279cd0043d7adc38dcef4666573_mv2_d_5152_3864_s_4_2-768x842.jpg 768w, https:\/\/fundacionseenart.org\/wp-content\/uploads\/2023\/04\/968db9_30ff6279cd0043d7adc38dcef4666573_mv2_d_5152_3864_s_4_2.jpg 952w\" sizes=\"auto, (max-width: 934px) 100vw, 934px\" \/><\/figure>\n\n\n\n<figure class=\"wp-block-image size-large\"><img loading=\"lazy\" decoding=\"async\" width=\"934\" height=\"1024\" data-id=\"1155\" src=\"https:\/\/fundacionseenart.org\/wp-content\/uploads\/2023\/04\/968db9_21f5dc46ea524d3bb3f42606e1d0c0a7_mv2_d_5152_3864_s_4_2-934x1024.jpg\" alt=\"\" class=\"wp-image-1155\" srcset=\"https:\/\/fundacionseenart.org\/wp-content\/uploads\/2023\/04\/968db9_21f5dc46ea524d3bb3f42606e1d0c0a7_mv2_d_5152_3864_s_4_2-934x1024.jpg 934w, https:\/\/fundacionseenart.org\/wp-content\/uploads\/2023\/04\/968db9_21f5dc46ea524d3bb3f42606e1d0c0a7_mv2_d_5152_3864_s_4_2-274x300.jpg 274w, https:\/\/fundacionseenart.org\/wp-content\/uploads\/2023\/04\/968db9_21f5dc46ea524d3bb3f42606e1d0c0a7_mv2_d_5152_3864_s_4_2-768x842.jpg 768w, https:\/\/fundacionseenart.org\/wp-content\/uploads\/2023\/04\/968db9_21f5dc46ea524d3bb3f42606e1d0c0a7_mv2_d_5152_3864_s_4_2.jpg 952w\" sizes=\"auto, (max-width: 934px) 100vw, 934px\" \/><\/figure>\n\n\n\n<figure class=\"wp-block-image size-large\"><img loading=\"lazy\" decoding=\"async\" width=\"934\" height=\"1024\" data-id=\"1154\" src=\"https:\/\/fundacionseenart.org\/wp-content\/uploads\/2023\/04\/968db9_9b872fe5f2b04481ba0fba1b87f9ec69_mv2_d_5152_3864_s_4_2-934x1024.jpg\" alt=\"\" class=\"wp-image-1154\" srcset=\"https:\/\/fundacionseenart.org\/wp-content\/uploads\/2023\/04\/968db9_9b872fe5f2b04481ba0fba1b87f9ec69_mv2_d_5152_3864_s_4_2-934x1024.jpg 934w, https:\/\/fundacionseenart.org\/wp-content\/uploads\/2023\/04\/968db9_9b872fe5f2b04481ba0fba1b87f9ec69_mv2_d_5152_3864_s_4_2-274x300.jpg 274w, https:\/\/fundacionseenart.org\/wp-content\/uploads\/2023\/04\/968db9_9b872fe5f2b04481ba0fba1b87f9ec69_mv2_d_5152_3864_s_4_2-768x842.jpg 768w, https:\/\/fundacionseenart.org\/wp-content\/uploads\/2023\/04\/968db9_9b872fe5f2b04481ba0fba1b87f9ec69_mv2_d_5152_3864_s_4_2.jpg 952w\" sizes=\"auto, (max-width: 934px) 100vw, 934px\" \/><\/figure>\n<\/figure>\n\n\n\n<h2 class=\"wp-block-heading\">La visita al Centro Escolar en Guazapa<\/h2>\n\n\n\n<p>El Centro Escolar en Guazapa es una escuela ubicada en una de las comunidades m\u00e1s pobres de El Salvador. La mayor\u00eda de los estudiantes provienen de familias de bajos ingresos y enfrentan numerosos desaf\u00edos en su vida diaria. La visita de la Fundaci\u00f3n Seen Art fue una oportunidad \u00fanica para estos estudiantes de experimentar el arte y la cultura de una manera nueva y emocionante.<\/p>\n\n\n\n<h2 class=\"wp-block-heading\">3. La colaboraci\u00f3n con el Consulado del Reino de Pa\u00edses Bajos en El Salvador<\/h2>\n\n\n\n<p>La visita al Centro Escolar en Guazapa fue posible gracias al apoyo del Consulado del Reino de Pa\u00edses Bajos en El Salvador. El consulado se ha comprometido a apoyar proyectos culturales y educativos en El Salvador, y ha trabajado con la Fundaci\u00f3n Seen Art en varios proyectos en el pasado.<\/p>\n\n\n\n<h2 class=\"wp-block-heading\">4. El impacto en la comunidad y en los estudiantes<\/h2>\n\n\n\n<p>La visita de la Fundaci\u00f3n Seen Art tuvo un impacto significativo en la comunidad y en los estudiantes del Centro Escolar en Guazapa. Los estudiantes tuvieron la oportunidad de participar en talleres de arte y m\u00fasica, y de interactuar con artistas locales y miembros de la Fundaci\u00f3n Seen Art. Estos talleres les permitieron expresarse de manera creativa y aprender nuevas habilidades, lo que fue una experiencia enriquecedora para ellos.<\/p>\n\n\n\n<h2 class=\"wp-block-heading\">5. La importancia de promover el arte y la cultura en comunidades desfavorecidas<\/h2>\n\n\n\n<p>La visita de la Fundaci\u00f3n Seen Art al Centro Escolar en Guazapa es un ejemplo de la importancia de promover el arte y la cultura en comunidades desfavorecidas. El acceso al arte y la cultura puede ser limitado para las personas que viven en comunidades pobres, y proyectos como este pueden marcar una gran diferencia en la vida de los estudiantes.<\/p>","protected":false},"excerpt":{"rendered":"<p>Recientemente, la organizaci\u00f3n visit\u00f3 el Centro Escolar en Guazapa en El Salvador, con el apoyo del Consulado del Reino de Pa\u00edses Bajos en El Salvador y su presidenta Mar\u00eda Vigil Viera. La visita al Centro Escolar en Guazapa es solo uno de los muchos proyectos en los que la Fundaci\u00f3n Seen Art ha estado involucrada. &hellip;<\/p>\n<p class=\"read-more\"> <a class=\"\" href=\"https:\/\/fundacionseenart.org\/en\/2023\/04\/01\/fundacion-seen-art-promueve-la-cultura-en-centro-escolar-en-guazapa\/\"> <span class=\"screen-reader-text\">Fundaci\u00f3n Seen Art promueve la cultura en Centro Escolar en Guazapa<\/span> Read More &raquo;<\/a><\/p>","protected":false},"author":1,"featured_media":1154,"comment_status":"closed","ping_status":"closed","sticky":false,"template":"","format":"standard","meta":{"site-sidebar-layout":"default","site-content-layout":"default","ast-global-header-display":"","ast-main-header-display":"","ast-hfb-above-header-display":"","ast-hfb-below-header-display":"","ast-hfb-mobile-header-display":"","site-post-title":"","ast-breadcrumbs-content":"","ast-featured-img":"","footer-sml-layout":"","theme-transparent-header-meta":"","adv-header-id-meta":"","stick-header-meta":"","header-above-stick-meta":"","header-main-stick-meta":"","header-below-stick-meta":"","footnotes":""},"categories":[1],"tags":[],"class_list":["post-1153","post","type-post","status-publish","format-standard","has-post-thumbnail","hentry","category-actividades"],"yoast_head":"<!-- This site is optimized with the Yoast SEO plugin v20.5 - https:\/\/yoast.com\/wordpress\/plugins\/seo\/ -->\n<title>Fundaci\u00f3n Seen Art visita el Centro Escolar en Guazapa, con el apoyo del Consulado del Reino de Pa\u00edses Bajos y su Presidente Mar\u00eda Vigil Viera<\/title>\n<meta name=\"description\" content=\"La Fundaci\u00f3n Seen Art visit\u00f3 recientemente el Centro Escolar en Guazapa, El Salvador, con el apoyo del Consulado del Reino de Pa\u00edses Bajos y su presidenta Mar\u00eda Vigil Viera\" \/>\n<meta name=\"robots\" content=\"index, follow, max-snippet:-1, max-image-preview:large, max-video-preview:-1\" \/>\n<link rel=\"canonical\" href=\"https:\/\/fundacionseenart.org\/en\/2023\/04\/01\/fundacion-seen-art-promueve-la-cultura-en-centro-escolar-en-guazapa\/\" \/>\n<meta property=\"og:locale\" content=\"en_US\" \/>\n<meta property=\"og:type\" content=\"article\" \/>\n<meta property=\"og:title\" content=\"Fundaci\u00f3n Seen Art visita el Centro Escolar en Guazapa, con el apoyo del Consulado del Reino de Pa\u00edses Bajos y su Presidente Mar\u00eda Vigil Viera\" \/>\n<meta property=\"og:description\" content=\"La Fundaci\u00f3n Seen Art visit\u00f3 recientemente el Centro Escolar en Guazapa, El Salvador, con el apoyo del Consulado del Reino de Pa\u00edses Bajos y su presidenta Mar\u00eda Vigil Viera\" \/>\n<meta property=\"og:url\" content=\"https:\/\/fundacionseenart.org\/en\/2023\/04\/01\/fundacion-seen-art-promueve-la-cultura-en-centro-escolar-en-guazapa\/\" \/>\n<meta property=\"og:site_name\" content=\"Fundaci\u00f3n Seen Art\" \/>\n<meta property=\"article:publisher\" content=\"https:\/\/www.facebook.com\/fundacionseenartsv?ref=br_tf\" \/>\n<meta property=\"article:published_time\" content=\"2023-04-01T13:38:08+00:00\" \/>\n<meta property=\"article:modified_time\" content=\"2023-04-01T13:38:09+00:00\" \/>\n<meta property=\"og:image\" content=\"https:\/\/fundacionseenart.org\/wp-content\/uploads\/2023\/04\/968db9_9b872fe5f2b04481ba0fba1b87f9ec69_mv2_d_5152_3864_s_4_2.jpg\" \/>\n\t<meta property=\"og:image:width\" content=\"952\" \/>\n\t<meta property=\"og:image:height\" content=\"1044\" \/>\n\t<meta property=\"og:image:type\" content=\"image\/jpeg\" \/>\n<meta name=\"author\" content=\"b265w\" \/>\n<meta name=\"twitter:card\" content=\"summary_large_image\" \/>\n<meta name=\"twitter:creator\" content=\"@FundacionSeen\" \/>\n<meta name=\"twitter:site\" content=\"@FundacionSeen\" \/>\n<meta name=\"twitter:label1\" content=\"Written by\" \/>\n\t<meta name=\"twitter:data1\" content=\"b265w\" \/>\n\t<meta name=\"twitter:label2\" content=\"Est. reading time\" \/>\n\t<meta name=\"twitter:data2\" content=\"3 minutes\" \/>\n<script type=\"application\/ld+json\" class=\"yoast-schema-graph\">{\"@context\":\"https:\/\/schema.org\",\"@graph\":[{\"@type\":\"Article\",\"@id\":\"https:\/\/fundacionseenart.org\/2023\/04\/01\/fundacion-seen-art-promueve-la-cultura-en-centro-escolar-en-guazapa\/#article\",\"isPartOf\":{\"@id\":\"https:\/\/fundacionseenart.org\/2023\/04\/01\/fundacion-seen-art-promueve-la-cultura-en-centro-escolar-en-guazapa\/\"},\"author\":{\"name\":\"b265w\",\"@id\":\"https:\/\/fundacionseenart.org\/#\/schema\/person\/75b585c579dd95b194d179979c1352fa\"},\"headline\":\"Fundaci\u00f3n Seen Art promueve la cultura en Centro Escolar en Guazapa\",\"datePublished\":\"2023-04-01T13:38:08+00:00\",\"dateModified\":\"2023-04-01T13:38:09+00:00\",\"mainEntityOfPage\":{\"@id\":\"https:\/\/fundacionseenart.org\/2023\/04\/01\/fundacion-seen-art-promueve-la-cultura-en-centro-escolar-en-guazapa\/\"},\"wordCount\":369,\"publisher\":{\"@id\":\"https:\/\/fundacionseenart.org\/#organization\"},\"articleSection\":[\"Actividades\"],\"inLanguage\":\"en-US\"},{\"@type\":\"WebPage\",\"@id\":\"https:\/\/fundacionseenart.org\/2023\/04\/01\/fundacion-seen-art-promueve-la-cultura-en-centro-escolar-en-guazapa\/\",\"url\":\"https:\/\/fundacionseenart.org\/2023\/04\/01\/fundacion-seen-art-promueve-la-cultura-en-centro-escolar-en-guazapa\/\",\"name\":\"Fundaci\u00f3n Seen Art visita el Centro Escolar en Guazapa, con el apoyo del Consulado del Reino de Pa\u00edses Bajos y su Presidente Mar\u00eda Vigil Viera\",\"isPartOf\":{\"@id\":\"https:\/\/fundacionseenart.org\/#website\"},\"datePublished\":\"2023-04-01T13:38:08+00:00\",\"dateModified\":\"2023-04-01T13:38:09+00:00\",\"description\":\"La Fundaci\u00f3n Seen Art visit\u00f3 recientemente el Centro Escolar en Guazapa, El Salvador, con el apoyo del Consulado del Reino de Pa\u00edses Bajos y su presidenta Mar\u00eda Vigil Viera\",\"breadcrumb\":{\"@id\":\"https:\/\/fundacionseenart.org\/2023\/04\/01\/fundacion-seen-art-promueve-la-cultura-en-centro-escolar-en-guazapa\/#breadcrumb\"},\"inLanguage\":\"en-US\",\"potentialAction\":[{\"@type\":\"ReadAction\",\"target\":[\"https:\/\/fundacionseenart.org\/2023\/04\/01\/fundacion-seen-art-promueve-la-cultura-en-centro-escolar-en-guazapa\/\"]}]},{\"@type\":\"BreadcrumbList\",\"@id\":\"https:\/\/fundacionseenart.org\/2023\/04\/01\/fundacion-seen-art-promueve-la-cultura-en-centro-escolar-en-guazapa\/#breadcrumb\",\"itemListElement\":[{\"@type\":\"ListItem\",\"position\":1,\"name\":\"Portada\",\"item\":\"https:\/\/fundacionseenart.org\/\"},{\"@type\":\"ListItem\",\"position\":2,\"name\":\"Fundaci\u00f3n Seen Art promueve la cultura en Centro Escolar en Guazapa\"}]},{\"@type\":\"WebSite\",\"@id\":\"https:\/\/fundacionseenart.org\/#website\",\"url\":\"https:\/\/fundacionseenart.org\/\",\"name\":\"Fundaci\u00f3n Seen Art\",\"description\":\"Ay&uacute;danos a ayudar\",\"publisher\":{\"@id\":\"https:\/\/fundacionseenart.org\/#organization\"},\"potentialAction\":[{\"@type\":\"SearchAction\",\"target\":{\"@type\":\"EntryPoint\",\"urlTemplate\":\"https:\/\/fundacionseenart.org\/?s={search_term_string}\"},\"query-input\":\"required name=search_term_string\"}],\"inLanguage\":\"en-US\"},{\"@type\":\"Organization\",\"@id\":\"https:\/\/fundacionseenart.org\/#organization\",\"name\":\"Fundaci\u00f3n Seen Art\",\"url\":\"https:\/\/fundacionseenart.org\/\",\"logo\":{\"@type\":\"ImageObject\",\"inLanguage\":\"en-US\",\"@id\":\"https:\/\/fundacionseenart.org\/#\/schema\/logo\/image\/\",\"url\":\"https:\/\/fundacionseenart.org\/wp-content\/uploads\/2023\/04\/Fundacion-Seen-Art_gold-e1680363446728.png\",\"contentUrl\":\"https:\/\/fundacionseenart.org\/wp-content\/uploads\/2023\/04\/Fundacion-Seen-Art_gold-e1680363446728.png\",\"width\":1920,\"height\":571,\"caption\":\"Fundaci\u00f3n Seen Art\"},\"image\":{\"@id\":\"https:\/\/fundacionseenart.org\/#\/schema\/logo\/image\/\"},\"sameAs\":[\"https:\/\/www.facebook.com\/fundacionseenartsv?ref=br_tf\",\"https:\/\/twitter.com\/FundacionSeen\",\"https:\/\/www.instagram.com\/fundacionseen\/\"]},{\"@type\":\"Person\",\"@id\":\"https:\/\/fundacionseenart.org\/#\/schema\/person\/75b585c579dd95b194d179979c1352fa\",\"name\":\"b265w\",\"sameAs\":[\"https:\/\/fundacionseenart.org\"],\"url\":\"https:\/\/fundacionseenart.org\/en\/author\/b265w\/\"}]}<\/script>\n<!-- \/ Yoast SEO plugin. -->","yoast_head_json":{"title":"Fundaci\u00f3n Seen Art visita el Centro Escolar en Guazapa, con el apoyo del Consulado del Reino de Pa\u00edses Bajos y su Presidente Mar\u00eda Vigil Viera","description":"La Fundaci\u00f3n Seen Art visit\u00f3 recientemente el Centro Escolar en Guazapa, El Salvador, con el apoyo del Consulado del Reino de Pa\u00edses Bajos y su presidenta Mar\u00eda Vigil Viera","robots":{"index":"index","follow":"follow","max-snippet":"max-snippet:-1","max-image-preview":"max-image-preview:large","max-video-preview":"max-video-preview:-1"},"canonical":"https:\/\/fundacionseenart.org\/en\/2023\/04\/01\/fundacion-seen-art-promueve-la-cultura-en-centro-escolar-en-guazapa\/","og_locale":"en_US","og_type":"article","og_title":"Fundaci\u00f3n Seen Art visita el Centro Escolar en Guazapa, con el apoyo del Consulado del Reino de Pa\u00edses Bajos y su Presidente Mar\u00eda Vigil Viera","og_description":"La Fundaci\u00f3n Seen Art visit\u00f3 recientemente el Centro Escolar en Guazapa, El Salvador, con el apoyo del Consulado del Reino de Pa\u00edses Bajos y su presidenta Mar\u00eda Vigil Viera","og_url":"https:\/\/fundacionseenart.org\/en\/2023\/04\/01\/fundacion-seen-art-promueve-la-cultura-en-centro-escolar-en-guazapa\/","og_site_name":"Fundaci\u00f3n Seen Art","article_publisher":"https:\/\/www.facebook.com\/fundacionseenartsv?ref=br_tf","article_published_time":"2023-04-01T13:38:08+00:00","article_modified_time":"2023-04-01T13:38:09+00:00","og_image":[{"width":952,"height":1044,"url":"https:\/\/fundacionseenart.org\/wp-content\/uploads\/2023\/04\/968db9_9b872fe5f2b04481ba0fba1b87f9ec69_mv2_d_5152_3864_s_4_2.jpg","type":"image\/jpeg"}],"author":"b265w","twitter_card":"summary_large_image","twitter_creator":"@FundacionSeen","twitter_site":"@FundacionSeen","twitter_misc":{"Written by":"b265w","Est. reading time":"3 minutes"},"schema":{"@context":"https:\/\/schema.org","@graph":[{"@type":"Article","@id":"https:\/\/fundacionseenart.org\/2023\/04\/01\/fundacion-seen-art-promueve-la-cultura-en-centro-escolar-en-guazapa\/#article","isPartOf":{"@id":"https:\/\/fundacionseenart.org\/2023\/04\/01\/fundacion-seen-art-promueve-la-cultura-en-centro-escolar-en-guazapa\/"},"author":{"name":"b265w","@id":"https:\/\/fundacionseenart.org\/#\/schema\/person\/75b585c579dd95b194d179979c1352fa"},"headline":"Fundaci\u00f3n Seen Art promueve la cultura en Centro Escolar en Guazapa","datePublished":"2023-04-01T13:38:08+00:00","dateModified":"2023-04-01T13:38:09+00:00","mainEntityOfPage":{"@id":"https:\/\/fundacionseenart.org\/2023\/04\/01\/fundacion-seen-art-promueve-la-cultura-en-centro-escolar-en-guazapa\/"},"wordCount":369,"publisher":{"@id":"https:\/\/fundacionseenart.org\/#organization"},"articleSection":["Actividades"],"inLanguage":"en-US"},{"@type":"WebPage","@id":"https:\/\/fundacionseenart.org\/2023\/04\/01\/fundacion-seen-art-promueve-la-cultura-en-centro-escolar-en-guazapa\/","url":"https:\/\/fundacionseenart.org\/2023\/04\/01\/fundacion-seen-art-promueve-la-cultura-en-centro-escolar-en-guazapa\/","name":"Fundaci\u00f3n Seen Art visita el Centro Escolar en Guazapa, con el apoyo del Consulado del Reino de Pa\u00edses Bajos y su Presidente Mar\u00eda Vigil Viera","isPartOf":{"@id":"https:\/\/fundacionseenart.org\/#website"},"datePublished":"2023-04-01T13:38:08+00:00","dateModified":"2023-04-01T13:38:09+00:00","description":"La Fundaci\u00f3n Seen Art visit\u00f3 recientemente el Centro Escolar en Guazapa, El Salvador, con el apoyo del Consulado del Reino de Pa\u00edses Bajos y su presidenta Mar\u00eda Vigil Viera","breadcrumb":{"@id":"https:\/\/fundacionseenart.org\/2023\/04\/01\/fundacion-seen-art-promueve-la-cultura-en-centro-escolar-en-guazapa\/#breadcrumb"},"inLanguage":"en-US","potentialAction":[{"@type":"ReadAction","target":["https:\/\/fundacionseenart.org\/2023\/04\/01\/fundacion-seen-art-promueve-la-cultura-en-centro-escolar-en-guazapa\/"]}]},{"@type":"BreadcrumbList","@id":"https:\/\/fundacionseenart.org\/2023\/04\/01\/fundacion-seen-art-promueve-la-cultura-en-centro-escolar-en-guazapa\/#breadcrumb","itemListElement":[{"@type":"ListItem","position":1,"name":"Portada","item":"https:\/\/fundacionseenart.org\/"},{"@type":"ListItem","position":2,"name":"Fundaci\u00f3n Seen Art promueve la cultura en Centro Escolar en Guazapa"}]},{"@type":"WebSite","@id":"https:\/\/fundacionseenart.org\/#website","url":"https:\/\/fundacionseenart.org\/","name":"Fundaci\u00f3n Seen Art","description":"Ay&uacute;danos a ayudar","publisher":{"@id":"https:\/\/fundacionseenart.org\/#organization"},"potentialAction":[{"@type":"SearchAction","target":{"@type":"EntryPoint","urlTemplate":"https:\/\/fundacionseenart.org\/?s={search_term_string}"},"query-input":"required name=search_term_string"}],"inLanguage":"en-US"},{"@type":"Organization","@id":"https:\/\/fundacionseenart.org\/#organization","name":"Fundaci\u00f3n Seen Art","url":"https:\/\/fundacionseenart.org\/","logo":{"@type":"ImageObject","inLanguage":"en-US","@id":"https:\/\/fundacionseenart.org\/#\/schema\/logo\/image\/","url":"https:\/\/fundacionseenart.org\/wp-content\/uploads\/2023\/04\/Fundacion-Seen-Art_gold-e1680363446728.png","contentUrl":"https:\/\/fundacionseenart.org\/wp-content\/uploads\/2023\/04\/Fundacion-Seen-Art_gold-e1680363446728.png","width":1920,"height":571,"caption":"Fundaci\u00f3n Seen Art"},"image":{"@id":"https:\/\/fundacionseenart.org\/#\/schema\/logo\/image\/"},"sameAs":["https:\/\/www.facebook.com\/fundacionseenartsv?ref=br_tf","https:\/\/twitter.com\/FundacionSeen","https:\/\/www.instagram.com\/fundacionseen\/"]},{"@type":"Person","@id":"https:\/\/fundacionseenart.org\/#\/schema\/person\/75b585c579dd95b194d179979c1352fa","name":"b265w","sameAs":["https:\/\/fundacionseenart.org"],"url":"https:\/\/fundacionseenart.org\/en\/author\/b265w\/"}]}},"jetpack_featured_media_url":"https:\/\/fundacionseenart.org\/wp-content\/uploads\/2023\/04\/968db9_9b872fe5f2b04481ba0fba1b87f9ec69_mv2_d_5152_3864_s_4_2.jpg","_links":{"self":[{"href":"https:\/\/fundacionseenart.org\/en\/wp-json\/wp\/v2\/posts\/1153","targetHints":{"allow":["GET"]}}],"collection":[{"href":"https:\/\/fundacionseenart.org\/en\/wp-json\/wp\/v2\/posts"}],"about":[{"href":"https:\/\/fundacionseenart.org\/en\/wp-json\/wp\/v2\/types\/post"}],"author":[{"embeddable":true,"href":"https:\/\/fundacionseenart.org\/en\/wp-json\/wp\/v2\/users\/1"}],"replies":[{"embeddable":true,"href":"https:\/\/fundacionseenart.org\/en\/wp-json\/wp\/v2\/comments?post=1153"}],"version-history":[{"count":1,"href":"https:\/\/fundacionseenart.org\/en\/wp-json\/wp\/v2\/posts\/1153\/revisions"}],"predecessor-version":[{"id":1160,"href":"https:\/\/fundacionseenart.org\/en\/wp-json\/wp\/v2\/posts\/1153\/revisions\/1160"}],"wp:featuredmedia":[{"embeddable":true,"href":"https:\/\/fundacionseenart.org\/en\/wp-json\/wp\/v2\/media\/1154"}],"wp:attachment":[{"href":"https:\/\/fundacionseenart.org\/en\/wp-json\/wp\/v2\/media?parent=1153"}],"wp:term":[{"taxonomy":"category","embeddable":true,"href":"https:\/\/fundacionseenart.org\/en\/wp-json\/wp\/v2\/categories?post=1153"},{"taxonomy":"post_tag","embeddable":true,"href":"https:\/\/fundacionseenart.org\/en\/wp-json\/wp\/v2\/tags?post=1153"}],"curies":[{"name":"wp","href":"https:\/\/api.w.org\/{rel}","templated":true}]}}