{"id":1147,"date":"2023-04-01T13:30:46","date_gmt":"2023-04-01T13:30:46","guid":{"rendered":"https:\/\/fundacionseenart.org\/?p=1147"},"modified":"2023-04-01T13:30:47","modified_gmt":"2023-04-01T13:30:47","slug":"fundacion-seen-art-celebra-el-dia-del-nino-con-los-ninos-del-hospital-bloom","status":"publish","type":"post","link":"https:\/\/fundacionseenart.org\/en\/2023\/04\/01\/fundacion-seen-art-celebra-el-dia-del-nino-con-los-ninos-del-hospital-bloom\/","title":{"rendered":"Fundaci\u00f3n Seen Art celebra el d\u00eda del ni\u00f1o con los ni\u00f1os del Hospital Bloom"},"content":{"rendered":"<p>La Fundaci\u00f3n Seen Art, su Presidenta, el equipo y el Consulado del Reino de los Pa\u00edses Bajos en El Salvador han unido fuerzas para celebrar el d\u00eda del ni\u00f1o con los peque\u00f1os del Hospital Bloom. Esta iniciativa ha sido llevada a cabo con el objetivo de llevar un momento de alegr\u00eda y felicidad a los ni\u00f1os que se encuentran en el hospital.<\/p>\n\n\n\n<figure class=\"wp-block-gallery has-nested-images columns-default is-cropped wp-block-gallery-1 is-layout-flex wp-block-gallery-is-layout-flex\">\n<figure class=\"wp-block-image size-large\"><img loading=\"lazy\" decoding=\"async\" width=\"492\" height=\"540\" data-id=\"1150\" src=\"https:\/\/fundacionseenart.org\/wp-content\/uploads\/2023\/04\/968db9_0f610a4859ed4d338f8565f6fa5ea65b_mv2.jpg\" alt=\"\" class=\"wp-image-1150\" srcset=\"https:\/\/fundacionseenart.org\/wp-content\/uploads\/2023\/04\/968db9_0f610a4859ed4d338f8565f6fa5ea65b_mv2.jpg 492w, https:\/\/fundacionseenart.org\/wp-content\/uploads\/2023\/04\/968db9_0f610a4859ed4d338f8565f6fa5ea65b_mv2-273x300.jpg 273w\" sizes=\"auto, (max-width: 492px) 100vw, 492px\" \/><\/figure>\n\n\n\n<figure class=\"wp-block-image size-large\"><img loading=\"lazy\" decoding=\"async\" width=\"492\" height=\"540\" data-id=\"1151\" src=\"https:\/\/fundacionseenart.org\/wp-content\/uploads\/2023\/04\/968db9_ae8bd6fad46d4f778933a4f205d84786_mv2.jpg\" alt=\"\" class=\"wp-image-1151\" srcset=\"https:\/\/fundacionseenart.org\/wp-content\/uploads\/2023\/04\/968db9_ae8bd6fad46d4f778933a4f205d84786_mv2.jpg 492w, https:\/\/fundacionseenart.org\/wp-content\/uploads\/2023\/04\/968db9_ae8bd6fad46d4f778933a4f205d84786_mv2-273x300.jpg 273w\" sizes=\"auto, (max-width: 492px) 100vw, 492px\" \/><\/figure>\n\n\n\n<figure class=\"wp-block-image size-large\"><img loading=\"lazy\" decoding=\"async\" width=\"492\" height=\"540\" data-id=\"1148\" src=\"https:\/\/fundacionseenart.org\/wp-content\/uploads\/2023\/04\/968db9_d45fa5568f2f44b99e68eea07cb8e2ae_mv2.jpg\" alt=\"\" class=\"wp-image-1148\" srcset=\"https:\/\/fundacionseenart.org\/wp-content\/uploads\/2023\/04\/968db9_d45fa5568f2f44b99e68eea07cb8e2ae_mv2.jpg 492w, https:\/\/fundacionseenart.org\/wp-content\/uploads\/2023\/04\/968db9_d45fa5568f2f44b99e68eea07cb8e2ae_mv2-273x300.jpg 273w\" sizes=\"auto, (max-width: 492px) 100vw, 492px\" \/><\/figure>\n<\/figure>\n\n\n\n<h2 class=\"wp-block-heading\">\u00bfQu\u00e9 es la Fundaci\u00f3n Seen Art?<\/h2>\n\n\n\n<p>La Fundaci\u00f3n Seen Art es una organizaci\u00f3n sin fines de lucro que se dedica a la promoci\u00f3n de las artes y la cultura en El Salvador. Fue fundada en el a\u00f1o 2010 por la reconocida artista salvadore\u00f1a, Ver\u00f3nica Barillas, quien actualmente es la Presidenta de la organizaci\u00f3n. La Fundaci\u00f3n Seen Art tiene como objetivo principal acercar el arte y la cultura a la sociedad salvadore\u00f1a, especialmente a los j\u00f3venes y ni\u00f1os.<\/p>\n\n\n\n<h2 class=\"wp-block-heading\">El Consulado del Reino de los Pa\u00edses Bajos en El Salvador<\/h2>\n\n\n\n<p>El Consulado del Reino de los Pa\u00edses Bajos en El Salvador es la representaci\u00f3n oficial del gobierno neerland\u00e9s en el pa\u00eds centroamericano. Su objetivo principal es fomentar la cooperaci\u00f3n y el intercambio cultural, educativo y comercial entre los Pa\u00edses Bajos y El Salvador. El Consulado ha sido un gran apoyo para la Fundaci\u00f3n Seen Art en su labor de promover las artes y la cultura en el pa\u00eds.<\/p>\n\n\n\n<h2 class=\"wp-block-heading\">El Hospital Bloom<\/h2>\n\n\n\n<p>El Hospital Bloom es un centro de salud especializado en la atenci\u00f3n m\u00e9dica de ni\u00f1os en El Salvador. Es uno de los principales hospitales pedi\u00e1tricos del pa\u00eds y es reconocido por su excelencia en la atenci\u00f3n m\u00e9dica infantil. El Hospital Bloom cuenta con un equipo de m\u00e9dicos y enfermeras altamente capacitados que brindan atenci\u00f3n m\u00e9dica de alta calidad a los ni\u00f1os.<\/p>\n\n\n\n<h2 class=\"wp-block-heading\">Celebrando el d\u00eda del ni\u00f1o con los ni\u00f1os del Hospital Bloom<\/h2>\n\n\n\n<p>La celebraci\u00f3n del d\u00eda del ni\u00f1o en el Hospital Bloom fue una iniciativa conjunta entre la Fundaci\u00f3n Seen Art y el Consulado del Reino de los Pa\u00edses Bajos en El Salvador. El evento fue dise\u00f1ado para llevar un momento de alegr\u00eda y felicidad a los ni\u00f1os que se encuentran en el hospital.<\/p>\n\n\n\n<p>La celebraci\u00f3n cont\u00f3 con varias actividades y sorpresas para los ni\u00f1os. Se organizaron talleres de pintura y manualidades donde los ni\u00f1os pudieron expresar su creatividad y habilidades art\u00edsticas. Adem\u00e1s, se presentaron espect\u00e1culos de magia y m\u00fasica en vivo que mantuvieron a los ni\u00f1os entretenidos y felices durante toda la jornada.<\/p>\n\n\n\n<p>La Presidenta de la Fundaci\u00f3n Seen Art, Ver\u00f3nica Barillas, estuvo presente durante todo el evento y comparti\u00f3 con los ni\u00f1os momentos muy especiales. Ver\u00f3nica es una reconocida artista salvadore\u00f1a que ha sido premiada en varias ocasiones por su labor en la promoci\u00f3n de las artes y la cultura en el pa\u00eds.<\/p>\n\n\n\n<p>El evento fue un \u00e9xito rotundo y los ni\u00f1os del Hospital Bloom disfrutaron de un d\u00eda inolvidable lleno de alegr\u00eda y diversi\u00f3n. La iniciativa de la Fundaci\u00f3n Seen Art y el Consulado del Reino de los Pa\u00edses Bajos en El Salvador demuestra una vez m\u00e1s el compromiso de estas organizaciones con la sociedad salvadore\u00f1a y especialmente con los ni\u00f1os.<\/p>","protected":false},"excerpt":{"rendered":"<p>La Fundaci\u00f3n Seen Art, su Presidenta, el equipo y el Consulado del Reino de los Pa\u00edses Bajos en El Salvador han unido fuerzas para celebrar el d\u00eda del ni\u00f1o con los peque\u00f1os del Hospital Bloom. Esta iniciativa ha sido llevada a cabo con el objetivo de llevar un momento de alegr\u00eda y felicidad a los &hellip;<\/p>\n<p class=\"read-more\"> <a class=\"\" href=\"https:\/\/fundacionseenart.org\/en\/2023\/04\/01\/fundacion-seen-art-celebra-el-dia-del-nino-con-los-ninos-del-hospital-bloom\/\"> <span class=\"screen-reader-text\">Fundaci\u00f3n Seen Art celebra el d\u00eda del ni\u00f1o con los ni\u00f1os del Hospital Bloom<\/span> Read More &raquo;<\/a><\/p>","protected":false},"author":1,"featured_media":1149,"comment_status":"closed","ping_status":"closed","sticky":false,"template":"","format":"standard","meta":{"site-sidebar-layout":"default","site-content-layout":"default","ast-global-header-display":"","ast-main-header-display":"","ast-hfb-above-header-display":"","ast-hfb-below-header-display":"","ast-hfb-mobile-header-display":"","site-post-title":"","ast-breadcrumbs-content":"","ast-featured-img":"","footer-sml-layout":"","theme-transparent-header-meta":"","adv-header-id-meta":"","stick-header-meta":"","header-above-stick-meta":"","header-main-stick-meta":"","header-below-stick-meta":"","footnotes":""},"categories":[1],"tags":[],"class_list":["post-1147","post","type-post","status-publish","format-standard","has-post-thumbnail","hentry","category-actividades"],"yoast_head":"<!-- This site is optimized with the Yoast SEO plugin v20.5 - https:\/\/yoast.com\/wordpress\/plugins\/seo\/ -->\n<title>Fundaci\u00f3n Seen Art celebra el d\u00eda del ni\u00f1o con los ni\u00f1os del Hospital Bloom - Fundaci\u00f3n Seen Art<\/title>\n<meta name=\"robots\" content=\"index, follow, max-snippet:-1, max-image-preview:large, max-video-preview:-1\" \/>\n<link rel=\"canonical\" href=\"https:\/\/fundacionseenart.org\/en\/2023\/04\/01\/fundacion-seen-art-celebra-el-dia-del-nino-con-los-ninos-del-hospital-bloom\/\" \/>\n<meta property=\"og:locale\" content=\"en_US\" \/>\n<meta property=\"og:type\" content=\"article\" \/>\n<meta property=\"og:title\" content=\"Fundaci\u00f3n Seen Art celebra el d\u00eda del ni\u00f1o con los ni\u00f1os del Hospital Bloom - Fundaci\u00f3n Seen Art\" \/>\n<meta property=\"og:description\" content=\"La Fundaci\u00f3n Seen Art, su Presidenta, el equipo y el Consulado del Reino de los Pa\u00edses Bajos en El Salvador han unido fuerzas para celebrar el d\u00eda del ni\u00f1o con los peque\u00f1os del Hospital Bloom. Esta iniciativa ha sido llevada a cabo con el objetivo de llevar un momento de alegr\u00eda y felicidad a los &hellip; Fundaci\u00f3n Seen Art celebra el d\u00eda del ni\u00f1o con los ni\u00f1os del Hospital Bloom Read More &raquo;\" \/>\n<meta property=\"og:url\" content=\"https:\/\/fundacionseenart.org\/en\/2023\/04\/01\/fundacion-seen-art-celebra-el-dia-del-nino-con-los-ninos-del-hospital-bloom\/\" \/>\n<meta property=\"og:site_name\" content=\"Fundaci\u00f3n Seen Art\" \/>\n<meta property=\"article:publisher\" content=\"https:\/\/www.facebook.com\/fundacionseenartsv?ref=br_tf\" \/>\n<meta property=\"article:published_time\" content=\"2023-04-01T13:30:46+00:00\" \/>\n<meta property=\"article:modified_time\" content=\"2023-04-01T13:30:47+00:00\" \/>\n<meta property=\"og:image\" content=\"https:\/\/fundacionseenart.org\/wp-content\/uploads\/2023\/04\/968db9_978b301f3270449e8b1de4302f2f02e1_mv2.jpg\" \/>\n\t<meta property=\"og:image:width\" content=\"492\" \/>\n\t<meta property=\"og:image:height\" content=\"540\" \/>\n\t<meta property=\"og:image:type\" content=\"image\/jpeg\" \/>\n<meta name=\"author\" content=\"b265w\" \/>\n<meta name=\"twitter:card\" content=\"summary_large_image\" \/>\n<meta name=\"twitter:creator\" content=\"@FundacionSeen\" \/>\n<meta name=\"twitter:site\" content=\"@FundacionSeen\" \/>\n<meta name=\"twitter:label1\" content=\"Written by\" \/>\n\t<meta name=\"twitter:data1\" content=\"b265w\" \/>\n\t<meta name=\"twitter:label2\" content=\"Est. reading time\" \/>\n\t<meta name=\"twitter:data2\" content=\"4 minutes\" \/>\n<script type=\"application\/ld+json\" class=\"yoast-schema-graph\">{\"@context\":\"https:\/\/schema.org\",\"@graph\":[{\"@type\":\"Article\",\"@id\":\"https:\/\/fundacionseenart.org\/2023\/04\/01\/fundacion-seen-art-celebra-el-dia-del-nino-con-los-ninos-del-hospital-bloom\/#article\",\"isPartOf\":{\"@id\":\"https:\/\/fundacionseenart.org\/2023\/04\/01\/fundacion-seen-art-celebra-el-dia-del-nino-con-los-ninos-del-hospital-bloom\/\"},\"author\":{\"name\":\"b265w\",\"@id\":\"https:\/\/fundacionseenart.org\/#\/schema\/person\/75b585c579dd95b194d179979c1352fa\"},\"headline\":\"Fundaci\u00f3n Seen Art celebra el d\u00eda del ni\u00f1o con los ni\u00f1os del Hospital Bloom\",\"datePublished\":\"2023-04-01T13:30:46+00:00\",\"dateModified\":\"2023-04-01T13:30:47+00:00\",\"mainEntityOfPage\":{\"@id\":\"https:\/\/fundacionseenart.org\/2023\/04\/01\/fundacion-seen-art-celebra-el-dia-del-nino-con-los-ninos-del-hospital-bloom\/\"},\"wordCount\":596,\"publisher\":{\"@id\":\"https:\/\/fundacionseenart.org\/#organization\"},\"articleSection\":[\"Actividades\"],\"inLanguage\":\"en-US\"},{\"@type\":\"WebPage\",\"@id\":\"https:\/\/fundacionseenart.org\/2023\/04\/01\/fundacion-seen-art-celebra-el-dia-del-nino-con-los-ninos-del-hospital-bloom\/\",\"url\":\"https:\/\/fundacionseenart.org\/2023\/04\/01\/fundacion-seen-art-celebra-el-dia-del-nino-con-los-ninos-del-hospital-bloom\/\",\"name\":\"Fundaci\u00f3n Seen Art celebra el d\u00eda del ni\u00f1o con los ni\u00f1os del Hospital Bloom - Fundaci\u00f3n Seen Art\",\"isPartOf\":{\"@id\":\"https:\/\/fundacionseenart.org\/#website\"},\"datePublished\":\"2023-04-01T13:30:46+00:00\",\"dateModified\":\"2023-04-01T13:30:47+00:00\",\"breadcrumb\":{\"@id\":\"https:\/\/fundacionseenart.org\/2023\/04\/01\/fundacion-seen-art-celebra-el-dia-del-nino-con-los-ninos-del-hospital-bloom\/#breadcrumb\"},\"inLanguage\":\"en-US\",\"potentialAction\":[{\"@type\":\"ReadAction\",\"target\":[\"https:\/\/fundacionseenart.org\/2023\/04\/01\/fundacion-seen-art-celebra-el-dia-del-nino-con-los-ninos-del-hospital-bloom\/\"]}]},{\"@type\":\"BreadcrumbList\",\"@id\":\"https:\/\/fundacionseenart.org\/2023\/04\/01\/fundacion-seen-art-celebra-el-dia-del-nino-con-los-ninos-del-hospital-bloom\/#breadcrumb\",\"itemListElement\":[{\"@type\":\"ListItem\",\"position\":1,\"name\":\"Portada\",\"item\":\"https:\/\/fundacionseenart.org\/\"},{\"@type\":\"ListItem\",\"position\":2,\"name\":\"Fundaci\u00f3n Seen Art celebra el d\u00eda del ni\u00f1o con los ni\u00f1os del Hospital Bloom\"}]},{\"@type\":\"WebSite\",\"@id\":\"https:\/\/fundacionseenart.org\/#website\",\"url\":\"https:\/\/fundacionseenart.org\/\",\"name\":\"Fundaci\u00f3n Seen Art\",\"description\":\"Ay&uacute;danos a ayudar\",\"publisher\":{\"@id\":\"https:\/\/fundacionseenart.org\/#organization\"},\"potentialAction\":[{\"@type\":\"SearchAction\",\"target\":{\"@type\":\"EntryPoint\",\"urlTemplate\":\"https:\/\/fundacionseenart.org\/?s={search_term_string}\"},\"query-input\":\"required name=search_term_string\"}],\"inLanguage\":\"en-US\"},{\"@type\":\"Organization\",\"@id\":\"https:\/\/fundacionseenart.org\/#organization\",\"name\":\"Fundaci\u00f3n Seen Art\",\"url\":\"https:\/\/fundacionseenart.org\/\",\"logo\":{\"@type\":\"ImageObject\",\"inLanguage\":\"en-US\",\"@id\":\"https:\/\/fundacionseenart.org\/#\/schema\/logo\/image\/\",\"url\":\"https:\/\/fundacionseenart.org\/wp-content\/uploads\/2023\/04\/Fundacion-Seen-Art_gold-e1680363446728.png\",\"contentUrl\":\"https:\/\/fundacionseenart.org\/wp-content\/uploads\/2023\/04\/Fundacion-Seen-Art_gold-e1680363446728.png\",\"width\":1920,\"height\":571,\"caption\":\"Fundaci\u00f3n Seen Art\"},\"image\":{\"@id\":\"https:\/\/fundacionseenart.org\/#\/schema\/logo\/image\/\"},\"sameAs\":[\"https:\/\/www.facebook.com\/fundacionseenartsv?ref=br_tf\",\"https:\/\/twitter.com\/FundacionSeen\",\"https:\/\/www.instagram.com\/fundacionseen\/\"]},{\"@type\":\"Person\",\"@id\":\"https:\/\/fundacionseenart.org\/#\/schema\/person\/75b585c579dd95b194d179979c1352fa\",\"name\":\"b265w\",\"sameAs\":[\"https:\/\/fundacionseenart.org\"],\"url\":\"https:\/\/fundacionseenart.org\/en\/author\/b265w\/\"}]}<\/script>\n<!-- \/ Yoast SEO plugin. -->","yoast_head_json":{"title":"Fundaci\u00f3n Seen Art celebra el d\u00eda del ni\u00f1o con los ni\u00f1os del Hospital Bloom - Fundaci\u00f3n Seen Art","robots":{"index":"index","follow":"follow","max-snippet":"max-snippet:-1","max-image-preview":"max-image-preview:large","max-video-preview":"max-video-preview:-1"},"canonical":"https:\/\/fundacionseenart.org\/en\/2023\/04\/01\/fundacion-seen-art-celebra-el-dia-del-nino-con-los-ninos-del-hospital-bloom\/","og_locale":"en_US","og_type":"article","og_title":"Fundaci\u00f3n Seen Art celebra el d\u00eda del ni\u00f1o con los ni\u00f1os del Hospital Bloom - Fundaci\u00f3n Seen Art","og_description":"La Fundaci\u00f3n Seen Art, su Presidenta, el equipo y el Consulado del Reino de los Pa\u00edses Bajos en El Salvador han unido fuerzas para celebrar el d\u00eda del ni\u00f1o con los peque\u00f1os del Hospital Bloom. Esta iniciativa ha sido llevada a cabo con el objetivo de llevar un momento de alegr\u00eda y felicidad a los &hellip; Fundaci\u00f3n Seen Art celebra el d\u00eda del ni\u00f1o con los ni\u00f1os del Hospital Bloom Read More &raquo;","og_url":"https:\/\/fundacionseenart.org\/en\/2023\/04\/01\/fundacion-seen-art-celebra-el-dia-del-nino-con-los-ninos-del-hospital-bloom\/","og_site_name":"Fundaci\u00f3n Seen Art","article_publisher":"https:\/\/www.facebook.com\/fundacionseenartsv?ref=br_tf","article_published_time":"2023-04-01T13:30:46+00:00","article_modified_time":"2023-04-01T13:30:47+00:00","og_image":[{"width":492,"height":540,"url":"https:\/\/fundacionseenart.org\/wp-content\/uploads\/2023\/04\/968db9_978b301f3270449e8b1de4302f2f02e1_mv2.jpg","type":"image\/jpeg"}],"author":"b265w","twitter_card":"summary_large_image","twitter_creator":"@FundacionSeen","twitter_site":"@FundacionSeen","twitter_misc":{"Written by":"b265w","Est. reading time":"4 minutes"},"schema":{"@context":"https:\/\/schema.org","@graph":[{"@type":"Article","@id":"https:\/\/fundacionseenart.org\/2023\/04\/01\/fundacion-seen-art-celebra-el-dia-del-nino-con-los-ninos-del-hospital-bloom\/#article","isPartOf":{"@id":"https:\/\/fundacionseenart.org\/2023\/04\/01\/fundacion-seen-art-celebra-el-dia-del-nino-con-los-ninos-del-hospital-bloom\/"},"author":{"name":"b265w","@id":"https:\/\/fundacionseenart.org\/#\/schema\/person\/75b585c579dd95b194d179979c1352fa"},"headline":"Fundaci\u00f3n Seen Art celebra el d\u00eda del ni\u00f1o con los ni\u00f1os del Hospital Bloom","datePublished":"2023-04-01T13:30:46+00:00","dateModified":"2023-04-01T13:30:47+00:00","mainEntityOfPage":{"@id":"https:\/\/fundacionseenart.org\/2023\/04\/01\/fundacion-seen-art-celebra-el-dia-del-nino-con-los-ninos-del-hospital-bloom\/"},"wordCount":596,"publisher":{"@id":"https:\/\/fundacionseenart.org\/#organization"},"articleSection":["Actividades"],"inLanguage":"en-US"},{"@type":"WebPage","@id":"https:\/\/fundacionseenart.org\/2023\/04\/01\/fundacion-seen-art-celebra-el-dia-del-nino-con-los-ninos-del-hospital-bloom\/","url":"https:\/\/fundacionseenart.org\/2023\/04\/01\/fundacion-seen-art-celebra-el-dia-del-nino-con-los-ninos-del-hospital-bloom\/","name":"Fundaci\u00f3n Seen Art celebra el d\u00eda del ni\u00f1o con los ni\u00f1os del Hospital Bloom - Fundaci\u00f3n Seen Art","isPartOf":{"@id":"https:\/\/fundacionseenart.org\/#website"},"datePublished":"2023-04-01T13:30:46+00:00","dateModified":"2023-04-01T13:30:47+00:00","breadcrumb":{"@id":"https:\/\/fundacionseenart.org\/2023\/04\/01\/fundacion-seen-art-celebra-el-dia-del-nino-con-los-ninos-del-hospital-bloom\/#breadcrumb"},"inLanguage":"en-US","potentialAction":[{"@type":"ReadAction","target":["https:\/\/fundacionseenart.org\/2023\/04\/01\/fundacion-seen-art-celebra-el-dia-del-nino-con-los-ninos-del-hospital-bloom\/"]}]},{"@type":"BreadcrumbList","@id":"https:\/\/fundacionseenart.org\/2023\/04\/01\/fundacion-seen-art-celebra-el-dia-del-nino-con-los-ninos-del-hospital-bloom\/#breadcrumb","itemListElement":[{"@type":"ListItem","position":1,"name":"Portada","item":"https:\/\/fundacionseenart.org\/"},{"@type":"ListItem","position":2,"name":"Fundaci\u00f3n Seen Art celebra el d\u00eda del ni\u00f1o con los ni\u00f1os del Hospital Bloom"}]},{"@type":"WebSite","@id":"https:\/\/fundacionseenart.org\/#website","url":"https:\/\/fundacionseenart.org\/","name":"Fundaci\u00f3n Seen Art","description":"Ay&uacute;danos a ayudar","publisher":{"@id":"https:\/\/fundacionseenart.org\/#organization"},"potentialAction":[{"@type":"SearchAction","target":{"@type":"EntryPoint","urlTemplate":"https:\/\/fundacionseenart.org\/?s={search_term_string}"},"query-input":"required name=search_term_string"}],"inLanguage":"en-US"},{"@type":"Organization","@id":"https:\/\/fundacionseenart.org\/#organization","name":"Fundaci\u00f3n Seen Art","url":"https:\/\/fundacionseenart.org\/","logo":{"@type":"ImageObject","inLanguage":"en-US","@id":"https:\/\/fundacionseenart.org\/#\/schema\/logo\/image\/","url":"https:\/\/fundacionseenart.org\/wp-content\/uploads\/2023\/04\/Fundacion-Seen-Art_gold-e1680363446728.png","contentUrl":"https:\/\/fundacionseenart.org\/wp-content\/uploads\/2023\/04\/Fundacion-Seen-Art_gold-e1680363446728.png","width":1920,"height":571,"caption":"Fundaci\u00f3n Seen Art"},"image":{"@id":"https:\/\/fundacionseenart.org\/#\/schema\/logo\/image\/"},"sameAs":["https:\/\/www.facebook.com\/fundacionseenartsv?ref=br_tf","https:\/\/twitter.com\/FundacionSeen","https:\/\/www.instagram.com\/fundacionseen\/"]},{"@type":"Person","@id":"https:\/\/fundacionseenart.org\/#\/schema\/person\/75b585c579dd95b194d179979c1352fa","name":"b265w","sameAs":["https:\/\/fundacionseenart.org"],"url":"https:\/\/fundacionseenart.org\/en\/author\/b265w\/"}]}},"jetpack_featured_media_url":"https:\/\/fundacionseenart.org\/wp-content\/uploads\/2023\/04\/968db9_978b301f3270449e8b1de4302f2f02e1_mv2.jpg","_links":{"self":[{"href":"https:\/\/fundacionseenart.org\/en\/wp-json\/wp\/v2\/posts\/1147","targetHints":{"allow":["GET"]}}],"collection":[{"href":"https:\/\/fundacionseenart.org\/en\/wp-json\/wp\/v2\/posts"}],"about":[{"href":"https:\/\/fundacionseenart.org\/en\/wp-json\/wp\/v2\/types\/post"}],"author":[{"embeddable":true,"href":"https:\/\/fundacionseenart.org\/en\/wp-json\/wp\/v2\/users\/1"}],"replies":[{"embeddable":true,"href":"https:\/\/fundacionseenart.org\/en\/wp-json\/wp\/v2\/comments?post=1147"}],"version-history":[{"count":1,"href":"https:\/\/fundacionseenart.org\/en\/wp-json\/wp\/v2\/posts\/1147\/revisions"}],"predecessor-version":[{"id":1152,"href":"https:\/\/fundacionseenart.org\/en\/wp-json\/wp\/v2\/posts\/1147\/revisions\/1152"}],"wp:featuredmedia":[{"embeddable":true,"href":"https:\/\/fundacionseenart.org\/en\/wp-json\/wp\/v2\/media\/1149"}],"wp:attachment":[{"href":"https:\/\/fundacionseenart.org\/en\/wp-json\/wp\/v2\/media?parent=1147"}],"wp:term":[{"taxonomy":"category","embeddable":true,"href":"https:\/\/fundacionseenart.org\/en\/wp-json\/wp\/v2\/categories?post=1147"},{"taxonomy":"post_tag","embeddable":true,"href":"https:\/\/fundacionseenart.org\/en\/wp-json\/wp\/v2\/tags?post=1147"}],"curies":[{"name":"wp","href":"https:\/\/api.w.org\/{rel}","templated":true}]}}