{"id":1097,"date":"2023-03-31T21:56:32","date_gmt":"2023-03-31T21:56:32","guid":{"rendered":"https:\/\/fundacionseenart.org\/?p=1097"},"modified":"2023-04-01T12:59:08","modified_gmt":"2023-04-01T12:59:08","slug":"comedores-comunitarios","status":"publish","type":"post","link":"https:\/\/fundacionseenart.org\/en\/2023\/03\/31\/comedores-comunitarios\/","title":{"rendered":"Valle del Sol en Apopa recibe a la Fundaci\u00f3n Seen Art en su primera entrega de juguetes."},"content":{"rendered":"<p>La temporada navide\u00f1a es una \u00e9poca de amor y alegr\u00eda que a menudo se celebra con la entrega de regalos y juguetes para ni\u00f1os y ni\u00f1as. Sin embargo, no todas las familias tienen la capacidad financiera para cumplir con esta tradici\u00f3n. En este contexto, la Fundaci\u00f3n Seen Art, junto con Santa versi\u00f3n de Pa\u00edses Bajos, llevaron a cabo una entrega de juguetes en la comunidad Valle del Sol en Apopa durante el mes de diciembre de 2018, beneficiando a m\u00e1s de 800 ni\u00f1os y ni\u00f1as.<\/p>\n\n\n\n<figure class=\"wp-block-gallery has-nested-images columns-default is-cropped wp-block-gallery-1 is-layout-flex wp-block-gallery-is-layout-flex\">\n<figure class=\"wp-block-image size-large\"><img loading=\"lazy\" decoding=\"async\" width=\"1024\" height=\"683\" data-id=\"736\" src=\"https:\/\/fundacionseenart.org\/wp-content\/uploads\/2023\/03\/15591290_368610603500724_2230334682426879173_o-1-1024x683.jpg\" alt=\"\" class=\"wp-image-736\" srcset=\"https:\/\/fundacionseenart.org\/wp-content\/uploads\/2023\/03\/15591290_368610603500724_2230334682426879173_o-1-1024x683.jpg 1024w, https:\/\/fundacionseenart.org\/wp-content\/uploads\/2023\/03\/15591290_368610603500724_2230334682426879173_o-1-300x200.jpg 300w, https:\/\/fundacionseenart.org\/wp-content\/uploads\/2023\/03\/15591290_368610603500724_2230334682426879173_o-1-768x512.jpg 768w, https:\/\/fundacionseenart.org\/wp-content\/uploads\/2023\/03\/15591290_368610603500724_2230334682426879173_o-1-1536x1024.jpg 1536w, https:\/\/fundacionseenart.org\/wp-content\/uploads\/2023\/03\/15591290_368610603500724_2230334682426879173_o-1.jpg 2048w\" sizes=\"auto, (max-width: 1024px) 100vw, 1024px\" \/><\/figure>\n\n\n\n<figure class=\"wp-block-image size-large\"><img loading=\"lazy\" decoding=\"async\" width=\"1024\" height=\"683\" data-id=\"735\" src=\"https:\/\/fundacionseenart.org\/wp-content\/uploads\/2023\/03\/15590805_368609613500823_1647448049063058688_o-1024x683.jpg\" alt=\"\" class=\"wp-image-735\" srcset=\"https:\/\/fundacionseenart.org\/wp-content\/uploads\/2023\/03\/15590805_368609613500823_1647448049063058688_o-1024x683.jpg 1024w, https:\/\/fundacionseenart.org\/wp-content\/uploads\/2023\/03\/15590805_368609613500823_1647448049063058688_o-300x200.jpg 300w, https:\/\/fundacionseenart.org\/wp-content\/uploads\/2023\/03\/15590805_368609613500823_1647448049063058688_o-768x512.jpg 768w, https:\/\/fundacionseenart.org\/wp-content\/uploads\/2023\/03\/15590805_368609613500823_1647448049063058688_o-1536x1024.jpg 1536w, https:\/\/fundacionseenart.org\/wp-content\/uploads\/2023\/03\/15590805_368609613500823_1647448049063058688_o.jpg 2048w\" sizes=\"auto, (max-width: 1024px) 100vw, 1024px\" \/><\/figure>\n\n\n\n<figure class=\"wp-block-image size-large\"><img loading=\"lazy\" decoding=\"async\" width=\"1024\" height=\"683\" data-id=\"734\" src=\"https:\/\/fundacionseenart.org\/wp-content\/uploads\/2023\/03\/15675580_368609293500855_4872660189650806212_o-1-1024x683.jpg\" alt=\"\" class=\"wp-image-734\" srcset=\"https:\/\/fundacionseenart.org\/wp-content\/uploads\/2023\/03\/15675580_368609293500855_4872660189650806212_o-1-1024x683.jpg 1024w, https:\/\/fundacionseenart.org\/wp-content\/uploads\/2023\/03\/15675580_368609293500855_4872660189650806212_o-1-300x200.jpg 300w, https:\/\/fundacionseenart.org\/wp-content\/uploads\/2023\/03\/15675580_368609293500855_4872660189650806212_o-1-768x512.jpg 768w, https:\/\/fundacionseenart.org\/wp-content\/uploads\/2023\/03\/15675580_368609293500855_4872660189650806212_o-1-1536x1024.jpg 1536w, https:\/\/fundacionseenart.org\/wp-content\/uploads\/2023\/03\/15675580_368609293500855_4872660189650806212_o-1.jpg 2048w\" sizes=\"auto, (max-width: 1024px) 100vw, 1024px\" \/><\/figure>\n\n\n\n<figure class=\"wp-block-image size-large\"><img loading=\"lazy\" decoding=\"async\" width=\"1024\" height=\"683\" data-id=\"721\" src=\"https:\/\/fundacionseenart.org\/wp-content\/uploads\/2023\/03\/15418539_368611353500649_1191098046434954584_o-1024x683.jpg\" alt=\"\" class=\"wp-image-721\" srcset=\"https:\/\/fundacionseenart.org\/wp-content\/uploads\/2023\/03\/15418539_368611353500649_1191098046434954584_o-1024x683.jpg 1024w, https:\/\/fundacionseenart.org\/wp-content\/uploads\/2023\/03\/15418539_368611353500649_1191098046434954584_o-300x200.jpg 300w, https:\/\/fundacionseenart.org\/wp-content\/uploads\/2023\/03\/15418539_368611353500649_1191098046434954584_o-768x512.jpg 768w, https:\/\/fundacionseenart.org\/wp-content\/uploads\/2023\/03\/15418539_368611353500649_1191098046434954584_o-1536x1024.jpg 1536w, https:\/\/fundacionseenart.org\/wp-content\/uploads\/2023\/03\/15418539_368611353500649_1191098046434954584_o.jpg 2048w\" sizes=\"auto, (max-width: 1024px) 100vw, 1024px\" \/><\/figure>\n<\/figure>\n\n\n\n<h2 class=\"wp-block-heading\">Una entrega de juguetes llena de actividades<\/h2>\n\n\n\n<p>La Fundaci\u00f3n Seen Art, creada por el artista salvadore\u00f1o Ricardo Ram\u00edrez, busca promover el arte y la cultura en comunidades vulnerables. En esta ocasi\u00f3n, en colaboraci\u00f3n con Santa versi\u00f3n de Pa\u00edses Bajos, la fundaci\u00f3n llev\u00f3 a cabo una entrega de juguetes en la comunidad Valle del Sol en Apopa.<\/p>\n\n\n\n<p>La entrega no fue solamente de juguetes, sino que se realizaron juegos y actividades con la participaci\u00f3n de los padres. Se busc\u00f3 crear un ambiente de alegr\u00eda y diversi\u00f3n para toda la familia.<\/p>\n\n\n\n<h2 class=\"wp-block-heading\">El agradecimiento de la comunidad<\/h2>\n\n\n\n<p>La comunidad Valle del Sol en Apopa recibi\u00f3 con mucha emoci\u00f3n la iniciativa de la Fundaci\u00f3n Seen Art y Santa versi\u00f3n de Pa\u00edses Bajos. La entrega de juguetes fue un evento muy esperado por los ni\u00f1os y ni\u00f1as de la comunidad, quienes no contaban con los recursos para recibir un regalo de Navidad.<\/p>\n\n\n\n<p>Los padres y madres de familia agradecieron a los organizadores por llevar a cabo esta actividad en su comunidad y por crear un ambiente de amor y alegr\u00eda en \u00e9poca navide\u00f1a. La colaboraci\u00f3n de los padres en las actividades tambi\u00e9n fue fundamental para crear un ambiente participativo y de unidad.<\/p>\n\n\n\n<h2 class=\"wp-block-heading\">Un impacto m\u00e1s all\u00e1 de los juguetes<\/h2>\n\n\n\n<p>La entrega de juguetes de la Fundaci\u00f3n Seen Art y Santa versi\u00f3n de Pa\u00edses Bajos no solo benefici\u00f3 a los ni\u00f1os y ni\u00f1as de la comunidad Valle del Sol en Apopa, sino que tambi\u00e9n dej\u00f3 un impacto en la comunidad en general.<\/p>\n\n\n\n<p>La iniciativa demostr\u00f3 que la uni\u00f3n y colaboraci\u00f3n entre organizaciones, empresas y la comunidad puede generar un impacto positivo en la vida de muchas personas. Adem\u00e1s, la entrega de juguetes no solo fue un acto de caridad, sino que tambi\u00e9n fue una oportunidad para promover la cultura y el arte en la comunidad.<\/p>\n\n\n\n<h2 class=\"wp-block-heading\">Conclusiones<\/h2>\n\n\n\n<p>La entrega de juguetes de la Fundaci\u00f3n Seen Art y Santa versi\u00f3n de Pa\u00edses Bajos en la comunidad Valle del Sol en Apopa fue una iniciativa muy valiosa que benefici\u00f3 a m\u00e1s de 800 ni\u00f1os y ni\u00f1as. La actividad no solo fue un acto de caridad, sino que tambi\u00e9n promovi\u00f3 la cultura y el arte en la comunidad.<\/p>\n\n\n\n<p>La iniciativa tambi\u00e9n demostr\u00f3 que la colaboraci\u00f3n entre organizaciones, empresas y la comunidad puede generar un impacto positivo en la vida de muchas personas. Esperamos que m\u00e1s organizaciones y empresas sigan el ejemplo de la Fundaci\u00f3n Seen Art y Santa versi\u00f3n de Pa\u00edses Bajos y promuevan el bienestar y la cultura en comunidades vulnerables.<\/p>","protected":false},"excerpt":{"rendered":"<p>La temporada navide\u00f1a es una \u00e9poca de amor y alegr\u00eda que a menudo se celebra con la entrega de regalos y juguetes para ni\u00f1os y ni\u00f1as. Sin embargo, no todas las familias tienen la capacidad financiera para cumplir con esta tradici\u00f3n. En este contexto, la Fundaci\u00f3n Seen Art, junto con Santa versi\u00f3n de Pa\u00edses Bajos, &hellip;<\/p>\n<p class=\"read-more\"> <a class=\"\" href=\"https:\/\/fundacionseenart.org\/en\/2023\/03\/31\/comedores-comunitarios\/\"> <span class=\"screen-reader-text\">Valle del Sol en Apopa recibe a la Fundaci\u00f3n Seen Art en su primera entrega de juguetes.<\/span> Read More &raquo;<\/a><\/p>","protected":false},"author":1,"featured_media":1115,"comment_status":"open","ping_status":"open","sticky":false,"template":"","format":"standard","meta":{"site-sidebar-layout":"default","site-content-layout":"default","ast-global-header-display":"","ast-main-header-display":"","ast-hfb-above-header-display":"","ast-hfb-below-header-display":"","ast-hfb-mobile-header-display":"","site-post-title":"","ast-breadcrumbs-content":"","ast-featured-img":"","footer-sml-layout":"","theme-transparent-header-meta":"","adv-header-id-meta":"","stick-header-meta":"","header-above-stick-meta":"","header-main-stick-meta":"","header-below-stick-meta":"","footnotes":""},"categories":[1],"tags":[],"class_list":["post-1097","post","type-post","status-publish","format-standard","has-post-thumbnail","hentry","category-actividades"],"yoast_head":"<!-- This site is optimized with the Yoast SEO plugin v20.5 - https:\/\/yoast.com\/wordpress\/plugins\/seo\/ -->\n<title>Valle del Sol en Apopa recibe a la Fundaci\u00f3n Seen Art en su primera entrega de juguetes. - Fundaci\u00f3n Seen Art<\/title>\n<meta name=\"robots\" content=\"index, follow, max-snippet:-1, max-image-preview:large, max-video-preview:-1\" \/>\n<link rel=\"canonical\" href=\"https:\/\/fundacionseenart.org\/en\/2023\/03\/31\/comedores-comunitarios\/\" \/>\n<meta property=\"og:locale\" content=\"en_US\" \/>\n<meta property=\"og:type\" content=\"article\" \/>\n<meta property=\"og:title\" content=\"Valle del Sol en Apopa recibe a la Fundaci\u00f3n Seen Art en su primera entrega de juguetes. - Fundaci\u00f3n Seen Art\" \/>\n<meta property=\"og:description\" content=\"La temporada navide\u00f1a es una \u00e9poca de amor y alegr\u00eda que a menudo se celebra con la entrega de regalos y juguetes para ni\u00f1os y ni\u00f1as. Sin embargo, no todas las familias tienen la capacidad financiera para cumplir con esta tradici\u00f3n. En este contexto, la Fundaci\u00f3n Seen Art, junto con Santa versi\u00f3n de Pa\u00edses Bajos, &hellip; Valle del Sol en Apopa recibe a la Fundaci\u00f3n Seen Art en su primera entrega de juguetes. Read More &raquo;\" \/>\n<meta property=\"og:url\" content=\"https:\/\/fundacionseenart.org\/en\/2023\/03\/31\/comedores-comunitarios\/\" \/>\n<meta property=\"og:site_name\" content=\"Fundaci\u00f3n Seen Art\" \/>\n<meta property=\"article:publisher\" content=\"https:\/\/www.facebook.com\/fundacionseenartsv?ref=br_tf\" \/>\n<meta property=\"article:published_time\" content=\"2023-03-31T21:56:32+00:00\" \/>\n<meta property=\"article:modified_time\" content=\"2023-04-01T12:59:08+00:00\" \/>\n<meta property=\"og:image\" content=\"https:\/\/fundacionseenart.org\/wp-content\/uploads\/2023\/03\/15590805_368609613500823_1647448049063058688_o-1.jpg\" \/>\n\t<meta property=\"og:image:width\" content=\"2048\" \/>\n\t<meta property=\"og:image:height\" content=\"1365\" \/>\n\t<meta property=\"og:image:type\" content=\"image\/jpeg\" \/>\n<meta name=\"author\" content=\"b265w\" \/>\n<meta name=\"twitter:card\" content=\"summary_large_image\" \/>\n<meta name=\"twitter:creator\" content=\"@FundacionSeen\" \/>\n<meta name=\"twitter:site\" content=\"@FundacionSeen\" \/>\n<meta name=\"twitter:label1\" content=\"Written by\" \/>\n\t<meta name=\"twitter:data1\" content=\"b265w\" \/>\n\t<meta name=\"twitter:label2\" content=\"Est. reading time\" \/>\n\t<meta name=\"twitter:data2\" content=\"4 minutes\" \/>\n<script type=\"application\/ld+json\" class=\"yoast-schema-graph\">{\"@context\":\"https:\/\/schema.org\",\"@graph\":[{\"@type\":\"Article\",\"@id\":\"https:\/\/fundacionseenart.org\/2023\/03\/31\/comedores-comunitarios\/#article\",\"isPartOf\":{\"@id\":\"https:\/\/fundacionseenart.org\/2023\/03\/31\/comedores-comunitarios\/\"},\"author\":{\"name\":\"b265w\",\"@id\":\"https:\/\/fundacionseenart.org\/#\/schema\/person\/75b585c579dd95b194d179979c1352fa\"},\"headline\":\"Valle del Sol en Apopa recibe a la Fundaci\u00f3n Seen Art en su primera entrega de juguetes.\",\"datePublished\":\"2023-03-31T21:56:32+00:00\",\"dateModified\":\"2023-04-01T12:59:08+00:00\",\"mainEntityOfPage\":{\"@id\":\"https:\/\/fundacionseenart.org\/2023\/03\/31\/comedores-comunitarios\/\"},\"wordCount\":568,\"commentCount\":195,\"publisher\":{\"@id\":\"https:\/\/fundacionseenart.org\/#organization\"},\"articleSection\":[\"Actividades\"],\"inLanguage\":\"en-US\",\"potentialAction\":[{\"@type\":\"CommentAction\",\"name\":\"Comment\",\"target\":[\"https:\/\/fundacionseenart.org\/2023\/03\/31\/comedores-comunitarios\/#respond\"]}]},{\"@type\":\"WebPage\",\"@id\":\"https:\/\/fundacionseenart.org\/2023\/03\/31\/comedores-comunitarios\/\",\"url\":\"https:\/\/fundacionseenart.org\/2023\/03\/31\/comedores-comunitarios\/\",\"name\":\"Valle del Sol en Apopa recibe a la Fundaci\u00f3n Seen Art en su primera entrega de juguetes. - Fundaci\u00f3n Seen Art\",\"isPartOf\":{\"@id\":\"https:\/\/fundacionseenart.org\/#website\"},\"datePublished\":\"2023-03-31T21:56:32+00:00\",\"dateModified\":\"2023-04-01T12:59:08+00:00\",\"breadcrumb\":{\"@id\":\"https:\/\/fundacionseenart.org\/2023\/03\/31\/comedores-comunitarios\/#breadcrumb\"},\"inLanguage\":\"en-US\",\"potentialAction\":[{\"@type\":\"ReadAction\",\"target\":[\"https:\/\/fundacionseenart.org\/2023\/03\/31\/comedores-comunitarios\/\"]}]},{\"@type\":\"BreadcrumbList\",\"@id\":\"https:\/\/fundacionseenart.org\/2023\/03\/31\/comedores-comunitarios\/#breadcrumb\",\"itemListElement\":[{\"@type\":\"ListItem\",\"position\":1,\"name\":\"Portada\",\"item\":\"https:\/\/fundacionseenart.org\/\"},{\"@type\":\"ListItem\",\"position\":2,\"name\":\"Valle del Sol en Apopa recibe a la Fundaci\u00f3n Seen Art en su primera entrega de juguetes.\"}]},{\"@type\":\"WebSite\",\"@id\":\"https:\/\/fundacionseenart.org\/#website\",\"url\":\"https:\/\/fundacionseenart.org\/\",\"name\":\"Fundaci\u00f3n Seen Art\",\"description\":\"Ay&uacute;danos a ayudar\",\"publisher\":{\"@id\":\"https:\/\/fundacionseenart.org\/#organization\"},\"potentialAction\":[{\"@type\":\"SearchAction\",\"target\":{\"@type\":\"EntryPoint\",\"urlTemplate\":\"https:\/\/fundacionseenart.org\/?s={search_term_string}\"},\"query-input\":\"required name=search_term_string\"}],\"inLanguage\":\"en-US\"},{\"@type\":\"Organization\",\"@id\":\"https:\/\/fundacionseenart.org\/#organization\",\"name\":\"Fundaci\u00f3n Seen Art\",\"url\":\"https:\/\/fundacionseenart.org\/\",\"logo\":{\"@type\":\"ImageObject\",\"inLanguage\":\"en-US\",\"@id\":\"https:\/\/fundacionseenart.org\/#\/schema\/logo\/image\/\",\"url\":\"https:\/\/fundacionseenart.org\/wp-content\/uploads\/2023\/04\/Fundacion-Seen-Art_gold-e1680363446728.png\",\"contentUrl\":\"https:\/\/fundacionseenart.org\/wp-content\/uploads\/2023\/04\/Fundacion-Seen-Art_gold-e1680363446728.png\",\"width\":1920,\"height\":571,\"caption\":\"Fundaci\u00f3n Seen Art\"},\"image\":{\"@id\":\"https:\/\/fundacionseenart.org\/#\/schema\/logo\/image\/\"},\"sameAs\":[\"https:\/\/www.facebook.com\/fundacionseenartsv?ref=br_tf\",\"https:\/\/twitter.com\/FundacionSeen\",\"https:\/\/www.instagram.com\/fundacionseen\/\"]},{\"@type\":\"Person\",\"@id\":\"https:\/\/fundacionseenart.org\/#\/schema\/person\/75b585c579dd95b194d179979c1352fa\",\"name\":\"b265w\",\"sameAs\":[\"https:\/\/fundacionseenart.org\"],\"url\":\"https:\/\/fundacionseenart.org\/en\/author\/b265w\/\"}]}<\/script>\n<!-- \/ Yoast SEO plugin. -->","yoast_head_json":{"title":"Valle del Sol en Apopa recibe a la Fundaci\u00f3n Seen Art en su primera entrega de juguetes. - Fundaci\u00f3n Seen Art","robots":{"index":"index","follow":"follow","max-snippet":"max-snippet:-1","max-image-preview":"max-image-preview:large","max-video-preview":"max-video-preview:-1"},"canonical":"https:\/\/fundacionseenart.org\/en\/2023\/03\/31\/comedores-comunitarios\/","og_locale":"en_US","og_type":"article","og_title":"Valle del Sol en Apopa recibe a la Fundaci\u00f3n Seen Art en su primera entrega de juguetes. - Fundaci\u00f3n Seen Art","og_description":"La temporada navide\u00f1a es una \u00e9poca de amor y alegr\u00eda que a menudo se celebra con la entrega de regalos y juguetes para ni\u00f1os y ni\u00f1as. Sin embargo, no todas las familias tienen la capacidad financiera para cumplir con esta tradici\u00f3n. En este contexto, la Fundaci\u00f3n Seen Art, junto con Santa versi\u00f3n de Pa\u00edses Bajos, &hellip; Valle del Sol en Apopa recibe a la Fundaci\u00f3n Seen Art en su primera entrega de juguetes. Read More &raquo;","og_url":"https:\/\/fundacionseenart.org\/en\/2023\/03\/31\/comedores-comunitarios\/","og_site_name":"Fundaci\u00f3n Seen Art","article_publisher":"https:\/\/www.facebook.com\/fundacionseenartsv?ref=br_tf","article_published_time":"2023-03-31T21:56:32+00:00","article_modified_time":"2023-04-01T12:59:08+00:00","og_image":[{"width":2048,"height":1365,"url":"https:\/\/fundacionseenart.org\/wp-content\/uploads\/2023\/03\/15590805_368609613500823_1647448049063058688_o-1.jpg","type":"image\/jpeg"}],"author":"b265w","twitter_card":"summary_large_image","twitter_creator":"@FundacionSeen","twitter_site":"@FundacionSeen","twitter_misc":{"Written by":"b265w","Est. reading time":"4 minutes"},"schema":{"@context":"https:\/\/schema.org","@graph":[{"@type":"Article","@id":"https:\/\/fundacionseenart.org\/2023\/03\/31\/comedores-comunitarios\/#article","isPartOf":{"@id":"https:\/\/fundacionseenart.org\/2023\/03\/31\/comedores-comunitarios\/"},"author":{"name":"b265w","@id":"https:\/\/fundacionseenart.org\/#\/schema\/person\/75b585c579dd95b194d179979c1352fa"},"headline":"Valle del Sol en Apopa recibe a la Fundaci\u00f3n Seen Art en su primera entrega de juguetes.","datePublished":"2023-03-31T21:56:32+00:00","dateModified":"2023-04-01T12:59:08+00:00","mainEntityOfPage":{"@id":"https:\/\/fundacionseenart.org\/2023\/03\/31\/comedores-comunitarios\/"},"wordCount":568,"commentCount":195,"publisher":{"@id":"https:\/\/fundacionseenart.org\/#organization"},"articleSection":["Actividades"],"inLanguage":"en-US","potentialAction":[{"@type":"CommentAction","name":"Comment","target":["https:\/\/fundacionseenart.org\/2023\/03\/31\/comedores-comunitarios\/#respond"]}]},{"@type":"WebPage","@id":"https:\/\/fundacionseenart.org\/2023\/03\/31\/comedores-comunitarios\/","url":"https:\/\/fundacionseenart.org\/2023\/03\/31\/comedores-comunitarios\/","name":"Valle del Sol en Apopa recibe a la Fundaci\u00f3n Seen Art en su primera entrega de juguetes. - Fundaci\u00f3n Seen Art","isPartOf":{"@id":"https:\/\/fundacionseenart.org\/#website"},"datePublished":"2023-03-31T21:56:32+00:00","dateModified":"2023-04-01T12:59:08+00:00","breadcrumb":{"@id":"https:\/\/fundacionseenart.org\/2023\/03\/31\/comedores-comunitarios\/#breadcrumb"},"inLanguage":"en-US","potentialAction":[{"@type":"ReadAction","target":["https:\/\/fundacionseenart.org\/2023\/03\/31\/comedores-comunitarios\/"]}]},{"@type":"BreadcrumbList","@id":"https:\/\/fundacionseenart.org\/2023\/03\/31\/comedores-comunitarios\/#breadcrumb","itemListElement":[{"@type":"ListItem","position":1,"name":"Portada","item":"https:\/\/fundacionseenart.org\/"},{"@type":"ListItem","position":2,"name":"Valle del Sol en Apopa recibe a la Fundaci\u00f3n Seen Art en su primera entrega de juguetes."}]},{"@type":"WebSite","@id":"https:\/\/fundacionseenart.org\/#website","url":"https:\/\/fundacionseenart.org\/","name":"Fundaci\u00f3n Seen Art","description":"Ay&uacute;danos a ayudar","publisher":{"@id":"https:\/\/fundacionseenart.org\/#organization"},"potentialAction":[{"@type":"SearchAction","target":{"@type":"EntryPoint","urlTemplate":"https:\/\/fundacionseenart.org\/?s={search_term_string}"},"query-input":"required name=search_term_string"}],"inLanguage":"en-US"},{"@type":"Organization","@id":"https:\/\/fundacionseenart.org\/#organization","name":"Fundaci\u00f3n Seen Art","url":"https:\/\/fundacionseenart.org\/","logo":{"@type":"ImageObject","inLanguage":"en-US","@id":"https:\/\/fundacionseenart.org\/#\/schema\/logo\/image\/","url":"https:\/\/fundacionseenart.org\/wp-content\/uploads\/2023\/04\/Fundacion-Seen-Art_gold-e1680363446728.png","contentUrl":"https:\/\/fundacionseenart.org\/wp-content\/uploads\/2023\/04\/Fundacion-Seen-Art_gold-e1680363446728.png","width":1920,"height":571,"caption":"Fundaci\u00f3n Seen Art"},"image":{"@id":"https:\/\/fundacionseenart.org\/#\/schema\/logo\/image\/"},"sameAs":["https:\/\/www.facebook.com\/fundacionseenartsv?ref=br_tf","https:\/\/twitter.com\/FundacionSeen","https:\/\/www.instagram.com\/fundacionseen\/"]},{"@type":"Person","@id":"https:\/\/fundacionseenart.org\/#\/schema\/person\/75b585c579dd95b194d179979c1352fa","name":"b265w","sameAs":["https:\/\/fundacionseenart.org"],"url":"https:\/\/fundacionseenart.org\/en\/author\/b265w\/"}]}},"jetpack_featured_media_url":"https:\/\/fundacionseenart.org\/wp-content\/uploads\/2023\/03\/15590805_368609613500823_1647448049063058688_o-1.jpg","_links":{"self":[{"href":"https:\/\/fundacionseenart.org\/en\/wp-json\/wp\/v2\/posts\/1097","targetHints":{"allow":["GET"]}}],"collection":[{"href":"https:\/\/fundacionseenart.org\/en\/wp-json\/wp\/v2\/posts"}],"about":[{"href":"https:\/\/fundacionseenart.org\/en\/wp-json\/wp\/v2\/types\/post"}],"author":[{"embeddable":true,"href":"https:\/\/fundacionseenart.org\/en\/wp-json\/wp\/v2\/users\/1"}],"replies":[{"embeddable":true,"href":"https:\/\/fundacionseenart.org\/en\/wp-json\/wp\/v2\/comments?post=1097"}],"version-history":[{"count":3,"href":"https:\/\/fundacionseenart.org\/en\/wp-json\/wp\/v2\/posts\/1097\/revisions"}],"predecessor-version":[{"id":1117,"href":"https:\/\/fundacionseenart.org\/en\/wp-json\/wp\/v2\/posts\/1097\/revisions\/1117"}],"wp:featuredmedia":[{"embeddable":true,"href":"https:\/\/fundacionseenart.org\/en\/wp-json\/wp\/v2\/media\/1115"}],"wp:attachment":[{"href":"https:\/\/fundacionseenart.org\/en\/wp-json\/wp\/v2\/media?parent=1097"}],"wp:term":[{"taxonomy":"category","embeddable":true,"href":"https:\/\/fundacionseenart.org\/en\/wp-json\/wp\/v2\/categories?post=1097"},{"taxonomy":"post_tag","embeddable":true,"href":"https:\/\/fundacionseenart.org\/en\/wp-json\/wp\/v2\/tags?post=1097"}],"curies":[{"name":"wp","href":"https:\/\/api.w.org\/{rel}","templated":true}]}}